{"id":196298,"date":"2022-03-17T20:22:06","date_gmt":"2022-03-17T23:22:06","guid":{"rendered":"https:\/\/diarioregionaldigital.com.br\/?p=196298"},"modified":"2022-03-17T20:22:06","modified_gmt":"2022-03-17T23:22:06","slug":"minas-gerais-recebe-mais-160-mil-vacinas-pediatricas-da-pfizer","status":"publish","type":"post","link":"https:\/\/diarioregionaldigital.com.br\/?p=196298","title":{"rendered":"Minas Gerais recebe mais 160 mil vacinas pedi\u00e1tricas da Pfizer"},"content":{"rendered":"<p>O\u00a0<a href=\"https:\/\/www.mg.gov.br\/instituicao_unidade\/empresa-mineira-de-comunicacao-emc\" target=\"_blank\" rel=\"noopener noreferrer\" data-auth=\"NotApplicable\" data-linkindex=\"0\">Governo de Minas<\/a>, por meio da\u00a0<a href=\"https:\/\/www.saude.mg.gov.br\/\" target=\"_blank\" rel=\"noopener noreferrer\" data-auth=\"NotApplicable\" data-linkindex=\"1\">Secretaria de Estado de Sa\u00fade (SES)<\/a>, distribui a partir desta quinta-feira (17\/3) mais 159.580 doses de vacinas contra a covid-19 da Pfizer pedi\u00e1trica. A remessa chegou\u00a0ao Aeroporto Internacional de Belo Horizonte, em Confins, em dois voos, \u00e0s 9h45 e \u00e0s 13h55 da quarta-feira (16\/3), e foram entregues \u00e0 Central Estadual de Rede de Frio.<\/p>\n<p>O quantitativo \u00e9 destinado \u00e0 aplica\u00e7\u00e3o de segunda dose (D2) em crian\u00e7as com idade entre 5 e 11 anos. Este \u00e9 o 95\u00ba lote de vacinas enviado pelo Minist\u00e9rio da Sa\u00fade.<\/p>\n<p>At\u00e9 o momento, o\u00a0Governo de Minas Gerais j\u00e1 vacinou mais de 1,1 milh\u00e3o de crian\u00e7as contra a covid-19. Ao todo, j\u00e1 foram administradas quase 41,3 milh\u00f5es de doses de imunizantes na popula\u00e7\u00e3o com mais de 5 anos de idade.<\/p>\n<p><a href=\"https:\/\/www.agenciaminas.mg.gov.br\/ckeditor_assets\/attachments\/13539\/lote_95_-_12_remessa_pediatrica.xlsx\" target=\"_blank\" rel=\"noopener\">Clique aqui<\/a>\u00a0para verificar a quantidade de doses destinadas a cada munic\u00edpio mineiro da remessa de Pfizer pedi\u00e1trica do lote 95.<\/p>\n<p><strong>Confira o cronograma de distribui\u00e7\u00e3o de doses do lote 95 para as Unidades Regionais de Sa\u00fade (hor\u00e1rio previsto de retirada na Central Estadual de Rede de Frio):\u00a0<\/strong><\/p>\n<p>&nbsp;<\/p>\n<p><strong>Quinta-feira\u00a0(17\/3)\u00a0<\/strong><\/p>\n<p>&#8211; Pedra Azul: 7h30<\/p>\n<p>&#8211; Montes Claros e Janu\u00e1ria: 8h<\/p>\n<p>&#8211; Pouso Alegre: 8h30<\/p>\n<p>&#8211; Governador Valadares e Te\u00f3filo Otoni: 8h50<\/p>\n<p>&#8211; Varginha e Alfenas: 9h10<\/p>\n<p>&#8211; Leopoldina, Ub\u00e1 e Juiz de Fora: 9h40<\/p>\n<p>&#8211; Diamantina: 10h10<\/p>\n<p>&#8211; Ponte Nova: 10h30<\/p>\n<p>&#8211; Divin\u00f3polis: 10h50<\/p>\n<p>&#8211; Sete Lagoas: 11h10<\/p>\n<p>&#8211; Barbacena: 13h<\/p>\n<p>&nbsp;<\/p>\n<p><strong>Sexta-feira\u00a0(18\/3)\u00a0<\/strong><\/p>\n<p>&#8211; Uberaba, Uberl\u00e2ndia e Ituiutaba: 7h30<\/p>\n<p>&#8211; Manhua\u00e7u: 8h<\/p>\n<p>&#8211; Belo Horizonte: 8h30<\/p>\n<p>&#8211; S\u00e3o Jo\u00e3o\u00a0del-Rei: 9h<\/p>\n<p>&nbsp;<\/p>\n<p><strong>Segunda-Feira\u00a0(21\/3)\u00a0<\/strong><\/p>\n<p>&#8211; Pirapora: 8h<\/p>\n<p>&#8211; Itabira: 8h30<\/p>\n<p>&nbsp;<\/p>\n<p><strong>Ter\u00e7a-Feira\u00a0(22\/3)\u00a0<\/strong><\/p>\n<p>&#8211; Patos de Minas: 7h30<\/p>\n<p>&nbsp;<\/p>\n<p><strong>Quarta-Feira\u00a0(23\/3)\u00a0<\/strong><\/p>\n<p>&#8211; Coronel Fabriciano: 9h<\/p>\n<p>&nbsp;<\/p>\n<p><strong>Quinta-Feira\u00a0(24\/3)\u00a0<\/strong><\/p>\n<p>&#8211; Passos: 8h<\/p>\n<p>Fonte: Ag\u00eancia Minas<\/p>\n","protected":false},"excerpt":{"rendered":"<p>O\u00a0Governo de Minas, por meio da\u00a0Secretaria de Estado de Sa\u00fade (SES), distribui a partir desta quinta-feira (17\/3) mais 159.580 doses de vacinas contra a covid-19 da Pfizer pedi\u00e1trica. A remessa chegou\u00a0ao Aeroporto Internacional de Belo Horizonte, em Confins, em dois voos, \u00e0s 9h45 e \u00e0s 13h55 da quarta-feira (16\/3), e foram entregues \u00e0 Central Estadual [&hellip;]<\/p>\n","protected":false},"author":246,"featured_media":196299,"comment_status":"closed","ping_status":"closed","sticky":false,"template":"","format":"standard","meta":{"footnotes":""},"categories":[436,254,439],"tags":[],"class_list":["post-196298","post","type-post","status-publish","format-standard","has-post-thumbnail","hentry","category-destaque-da-semana","category-politica","category-ultima-hora"],"_links":{"self":[{"href":"https:\/\/diarioregionaldigital.com.br\/index.php?rest_route=\/wp\/v2\/posts\/196298","targetHints":{"allow":["GET"]}}],"collection":[{"href":"https:\/\/diarioregionaldigital.com.br\/index.php?rest_route=\/wp\/v2\/posts"}],"about":[{"href":"https:\/\/diarioregionaldigital.com.br\/index.php?rest_route=\/wp\/v2\/types\/post"}],"author":[{"embeddable":true,"href":"https:\/\/diarioregionaldigital.com.br\/index.php?rest_route=\/wp\/v2\/users\/246"}],"replies":[{"embeddable":true,"href":"https:\/\/diarioregionaldigital.com.br\/index.php?rest_route=%2Fwp%2Fv2%2Fcomments&post=196298"}],"version-history":[{"count":2,"href":"https:\/\/diarioregionaldigital.com.br\/index.php?rest_route=\/wp\/v2\/posts\/196298\/revisions"}],"predecessor-version":[{"id":196301,"href":"https:\/\/diarioregionaldigital.com.br\/index.php?rest_route=\/wp\/v2\/posts\/196298\/revisions\/196301"}],"wp:featuredmedia":[{"embeddable":true,"href":"https:\/\/diarioregionaldigital.com.br\/index.php?rest_route=\/wp\/v2\/media\/196299"}],"wp:attachment":[{"href":"https:\/\/diarioregionaldigital.com.br\/index.php?rest_route=%2Fwp%2Fv2%2Fmedia&parent=196298"}],"wp:term":[{"taxonomy":"category","embeddable":true,"href":"https:\/\/diarioregionaldigital.com.br\/index.php?rest_route=%2Fwp%2Fv2%2Fcategories&post=196298"},{"taxonomy":"post_tag","embeddable":true,"href":"https:\/\/diarioregionaldigital.com.br\/index.php?rest_route=%2Fwp%2Fv2%2Ftags&post=196298"}],"curies":[{"name":"wp","href":"https:\/\/api.w.org\/{rel}","templated":true}]}}