{"id":196292,"date":"2022-03-17T20:08:38","date_gmt":"2022-03-17T23:08:38","guid":{"rendered":"https:\/\/diarioregionaldigital.com.br\/?p=196292"},"modified":"2022-03-17T20:08:38","modified_gmt":"2022-03-17T23:08:38","slug":"governador-participa-da-inauguracao-de-usinas-solares-fotovoltaicas-em-cataguases-na-zona-da-mata","status":"publish","type":"post","link":"https:\/\/diarioregionaldigital.com.br\/?p=196292","title":{"rendered":"Governador participa da inaugura\u00e7\u00e3o de usinas solares fotovoltaicas em Cataguases, na Zona da Mata"},"content":{"rendered":"<p>O governador Romeu Zema participou, nesta quinta-feira (17\/3), em Cataguases, na Zona da Mata, da inaugura\u00e7\u00e3o simb\u00f3lica de duas usinas solares fotovoltaicas do grupo Energisa, que j\u00e1 conta com 23 usinas.<\/p>\n<p>Minas est\u00e1 na lideran\u00e7a do Brasil na gera\u00e7\u00e3o de energia fotovoltaica, representando 18% de toda a pot\u00eancia instalada no pa\u00eds. Os empreendimentos instalados no estado deixam de emitir 394 mil toneladas de gases de efeito estufa por ano.<\/p>\n<p>O\u00a0<a href=\"http:\/\/www.bdmg.mg.gov.br\/\" target=\"_blank\" rel=\"noopener\">Banco de Desenvolvimento de Minas Gerais (BDMG)<\/a>\u00a0\u00e9 um importante financiador de projetos de energia renov\u00e1vel, chegando a R$ 130 milh\u00f5es nos dez primeiros meses de 2021. O incentivo est\u00e1 dentro da meta assumida pelo Estado durante a COP26 em Glasgow, em 2021.<\/p>\n<p><strong>Desenvolvimento<\/strong><\/p>\n<p>Durante a coletiva de imprensa, o governador enfatizou a lideran\u00e7a de Minas dentre os estados com a maior gera\u00e7\u00e3o de energia limpa e reconheceu a contribui\u00e7\u00e3o da Energisa neste processo.<\/p>\n<p>\u201cN\u00e3o mediremos esfor\u00e7os para que Minas permane\u00e7a no primeiro lugar. A energia sustent\u00e1vel \u00e9 fundamental para o futuro. Toda a exporta\u00e7\u00e3o come\u00e7a a necessitar do crivo ambiental. Os pa\u00edses desenvolvidos deixar\u00e3o de importar produtos quando esses itens n\u00e3o forem produzidos por uma matriz energ\u00e9tica renov\u00e1vel. Estamos dando mais um passo hoje com essa viabilidade ambiental em Minas Gerais\u201d, afirmou.<\/p>\n<p>A Lei n\u00ba 20.849 de julho 2013 instituiu a Pol\u00edtica Mineira de Incentivo ao Uso da Energia Solar, com normas e planos para aumento da participa\u00e7\u00e3o da energia solar na matriz energ\u00e9tica do Estado.<\/p>\n<p><strong>Crescimento<\/strong><\/p>\n<p>O presidente da Energisa Minas Gerais, Eduardo Mantovani, afirmou que os investimentos da empresa fazem parte de um planejamento estrat\u00e9gico para garantir o crescimento econ\u00f4mico da Energisa e da Zona da Mata.<\/p>\n<p>Juntas, as usinas fotovoltaicas Astolfo Dutra e Aurora t\u00eam capacidade de gera\u00e7\u00e3o de 6 MWh. As obras geraram 100 empregos na regi\u00e3o e totalizaram R$ 25 milh\u00f5es em investimentos. Em 2020 e 2021 o grupo investiu R$ 200 milh\u00f5es em obras e moderniza\u00e7\u00e3o da rede de distribui\u00e7\u00e3o.<\/p>\n<p>A Energisa atua com distribui\u00e7\u00e3o, transmiss\u00e3o e gera\u00e7\u00e3o descentralizada a partir de fontes renov\u00e1veis tais como solar e biodiesel, al\u00e9m de comercializa\u00e7\u00e3o de energia, solu\u00e7\u00f5es em energias renov\u00e1veis e fintech.<\/p>\n<p><strong>Recupera Minas<\/strong><\/p>\n<p>Ainda em Cataguases, o governador assinou Despacho Governamental autorizando a transfer\u00eancia de recursos para o pagamento da segunda parcela, no valor de R$ 359 mil, do benef\u00edcio emergencial aos moradores do munic\u00edpio que ficaram desabrigados e desalojados ap\u00f3s os fortes temporais que atingiram o estado, entre dezembro de 2021 e fevereiro deste ano.<\/p>\n<p>A primeira parcela, de R$ 333 mil, foi paga em 18\/2. Cataguases receber\u00e1, ao todo, R$ 1,07 milh\u00e3o para beneficiar 898 pessoas que foram afetadas pelas chuvas.<\/p>\n<p>Os recursos fazem parte do plano Recupera Minas, que destinar\u00e1 R$ 603 milh\u00f5es em recursos estaduais para a\u00e7\u00f5es de infraestrutura e suporte a pessoas e cidades afetadas.<\/p>\n<p>Fonte: Ag\u00eancia Minas<\/p>\n","protected":false},"excerpt":{"rendered":"<p>O governador Romeu Zema participou, nesta quinta-feira (17\/3), em Cataguases, na Zona da Mata, da inaugura\u00e7\u00e3o simb\u00f3lica de duas usinas solares fotovoltaicas do grupo Energisa, que j\u00e1 conta com 23 usinas. Minas est\u00e1 na lideran\u00e7a do Brasil na gera\u00e7\u00e3o de energia fotovoltaica, representando 18% de toda a pot\u00eancia instalada no pa\u00eds. Os empreendimentos instalados no [&hellip;]<\/p>\n","protected":false},"author":246,"featured_media":196293,"comment_status":"closed","ping_status":"closed","sticky":false,"template":"","format":"standard","meta":{"footnotes":""},"categories":[436,440,254,439],"tags":[],"class_list":["post-196292","post","type-post","status-publish","format-standard","has-post-thumbnail","hentry","category-destaque-da-semana","category-destaques-do-dia","category-politica","category-ultima-hora"],"_links":{"self":[{"href":"https:\/\/diarioregionaldigital.com.br\/index.php?rest_route=\/wp\/v2\/posts\/196292","targetHints":{"allow":["GET"]}}],"collection":[{"href":"https:\/\/diarioregionaldigital.com.br\/index.php?rest_route=\/wp\/v2\/posts"}],"about":[{"href":"https:\/\/diarioregionaldigital.com.br\/index.php?rest_route=\/wp\/v2\/types\/post"}],"author":[{"embeddable":true,"href":"https:\/\/diarioregionaldigital.com.br\/index.php?rest_route=\/wp\/v2\/users\/246"}],"replies":[{"embeddable":true,"href":"https:\/\/diarioregionaldigital.com.br\/index.php?rest_route=%2Fwp%2Fv2%2Fcomments&post=196292"}],"version-history":[{"count":1,"href":"https:\/\/diarioregionaldigital.com.br\/index.php?rest_route=\/wp\/v2\/posts\/196292\/revisions"}],"predecessor-version":[{"id":196294,"href":"https:\/\/diarioregionaldigital.com.br\/index.php?rest_route=\/wp\/v2\/posts\/196292\/revisions\/196294"}],"wp:featuredmedia":[{"embeddable":true,"href":"https:\/\/diarioregionaldigital.com.br\/index.php?rest_route=\/wp\/v2\/media\/196293"}],"wp:attachment":[{"href":"https:\/\/diarioregionaldigital.com.br\/index.php?rest_route=%2Fwp%2Fv2%2Fmedia&parent=196292"}],"wp:term":[{"taxonomy":"category","embeddable":true,"href":"https:\/\/diarioregionaldigital.com.br\/index.php?rest_route=%2Fwp%2Fv2%2Fcategories&post=196292"},{"taxonomy":"post_tag","embeddable":true,"href":"https:\/\/diarioregionaldigital.com.br\/index.php?rest_route=%2Fwp%2Fv2%2Ftags&post=196292"}],"curies":[{"name":"wp","href":"https:\/\/api.w.org\/{rel}","templated":true}]}}