{"id":196285,"date":"2022-03-17T19:56:12","date_gmt":"2022-03-17T22:56:12","guid":{"rendered":"https:\/\/diarioregionaldigital.com.br\/?p=196285"},"modified":"2022-03-17T19:56:12","modified_gmt":"2022-03-17T22:56:12","slug":"bndes-vai-adquirir-ate-r-10-milhoes-em-creditos-de-carbono","status":"publish","type":"post","link":"https:\/\/diarioregionaldigital.com.br\/?p=196285","title":{"rendered":"BNDES vai adquirir at\u00e9 R$ 10 milh\u00f5es em cr\u00e9ditos de carbono"},"content":{"rendered":"<p>O Banco Nacional de Desenvolvimento Econ\u00f4mico e Social (BNDES) far\u00e1 uma chamada p\u00fablica para aquisi\u00e7\u00e3o de at\u00e9 R$ 10 milh\u00f5es em cr\u00e9ditos de carbono. A prioridade ser\u00e1 para t\u00edtulos de reflorestamento, energia e o chamado Redd+ (redu\u00e7\u00e3o de emiss\u00f5es provenientes de desmatamento e degrada\u00e7\u00e3o florestal).<img decoding=\"async\" src=\"https:\/\/agenciabrasil.ebc.com.br\/ebc.png?id=1448818&amp;o=node\" \/><img decoding=\"async\" src=\"https:\/\/agenciabrasil.ebc.com.br\/ebc.gif?id=1448818&amp;o=node\" \/><\/p>\n<p>O objetivo do banco \u00e9 estimular o desenvolvimento de um mercado volunt\u00e1rio desse tipo de t\u00edtulos no Brasil e, com isso, contribuir para a redu\u00e7\u00e3o da emiss\u00e3o de gases do efeito estufa.<\/p>\n<p>O cr\u00e9dito de carbono \u00e9 um instrumento que permite remunerar iniciativas de descarboniza\u00e7\u00e3o da economia, como projetos de restaura\u00e7\u00e3o florestal e uso de energia limpa entre outras medidas para reduzir emiss\u00f5es de gases do efeito estufa.<\/p>\n<h2>Gases poluentes<\/h2>\n<p>Esses cr\u00e9ditos s\u00e3o transformados em t\u00edtulos que podem ser vendidos para outros agentes que emitem mais gases poluentes do que o permitido. Agentes volunt\u00e1rios tamb\u00e9m podem comprar os cr\u00e9ditos para ter acesso a fontes de financiamento verdes ou por outra decis\u00e3o estrat\u00e9gica.<\/p>\n<p>Segundo o BNDES, a estimativa \u00e9 que o mercado volunt\u00e1rio precise crescer mais de 15 vezes at\u00e9 2030 para cumprir as metas do Acordo de Paris, que pretende atingir o equil\u00edbrio entre emiss\u00e3o e remo\u00e7\u00e3o dos gases causadores do efeito estufa at\u00e9 o ano de 2050.<\/p>\n<p>Fonte: Ag\u00eancia Brasil<\/p>\n","protected":false},"excerpt":{"rendered":"<p>O Banco Nacional de Desenvolvimento Econ\u00f4mico e Social (BNDES) far\u00e1 uma chamada p\u00fablica para aquisi\u00e7\u00e3o de at\u00e9 R$ 10 milh\u00f5es em cr\u00e9ditos de carbono. A prioridade ser\u00e1 para t\u00edtulos de reflorestamento, energia e o chamado Redd+ (redu\u00e7\u00e3o de emiss\u00f5es provenientes de desmatamento e degrada\u00e7\u00e3o florestal). O objetivo do banco \u00e9 estimular o desenvolvimento de um [&hellip;]<\/p>\n","protected":false},"author":246,"featured_media":196286,"comment_status":"closed","ping_status":"closed","sticky":false,"template":"","format":"standard","meta":{"footnotes":""},"categories":[436,261,439],"tags":[],"class_list":["post-196285","post","type-post","status-publish","format-standard","has-post-thumbnail","hentry","category-destaque-da-semana","category-economia","category-ultima-hora"],"_links":{"self":[{"href":"https:\/\/diarioregionaldigital.com.br\/index.php?rest_route=\/wp\/v2\/posts\/196285","targetHints":{"allow":["GET"]}}],"collection":[{"href":"https:\/\/diarioregionaldigital.com.br\/index.php?rest_route=\/wp\/v2\/posts"}],"about":[{"href":"https:\/\/diarioregionaldigital.com.br\/index.php?rest_route=\/wp\/v2\/types\/post"}],"author":[{"embeddable":true,"href":"https:\/\/diarioregionaldigital.com.br\/index.php?rest_route=\/wp\/v2\/users\/246"}],"replies":[{"embeddable":true,"href":"https:\/\/diarioregionaldigital.com.br\/index.php?rest_route=%2Fwp%2Fv2%2Fcomments&post=196285"}],"version-history":[{"count":2,"href":"https:\/\/diarioregionaldigital.com.br\/index.php?rest_route=\/wp\/v2\/posts\/196285\/revisions"}],"predecessor-version":[{"id":196288,"href":"https:\/\/diarioregionaldigital.com.br\/index.php?rest_route=\/wp\/v2\/posts\/196285\/revisions\/196288"}],"wp:featuredmedia":[{"embeddable":true,"href":"https:\/\/diarioregionaldigital.com.br\/index.php?rest_route=\/wp\/v2\/media\/196286"}],"wp:attachment":[{"href":"https:\/\/diarioregionaldigital.com.br\/index.php?rest_route=%2Fwp%2Fv2%2Fmedia&parent=196285"}],"wp:term":[{"taxonomy":"category","embeddable":true,"href":"https:\/\/diarioregionaldigital.com.br\/index.php?rest_route=%2Fwp%2Fv2%2Fcategories&post=196285"},{"taxonomy":"post_tag","embeddable":true,"href":"https:\/\/diarioregionaldigital.com.br\/index.php?rest_route=%2Fwp%2Fv2%2Ftags&post=196285"}],"curies":[{"name":"wp","href":"https:\/\/api.w.org\/{rel}","templated":true}]}}