{"id":196121,"date":"2022-03-14T18:37:42","date_gmt":"2022-03-14T21:37:42","guid":{"rendered":"https:\/\/diarioregionaldigital.com.br\/?p=196121"},"modified":"2022-03-14T18:37:42","modified_gmt":"2022-03-14T21:37:42","slug":"sorrisos-incertezas-e-amor-pelo-rio-teddy-riner-em-detalhes","status":"publish","type":"post","link":"https:\/\/diarioregionaldigital.com.br\/?p=196121","title":{"rendered":"Sorrisos, incertezas e amor pelo Rio: Teddy Riner em detalhes"},"content":{"rendered":"<p>Para algu\u00e9m com um retrospecto t\u00e3o vitorioso (dez t\u00edtulos mundiais, tr\u00eas ouros ol\u00edmpicos e cinco p\u00f3dios em Jogos) e que ainda est\u00e1 em atividade, o judoca franc\u00eas Teddy Riner estava surpreendentemente acess\u00edvel. Na \u00faltima sexta-feira (11), rec\u00e9m-chegado ao Rio para um per\u00edodo de treinos com atletas brasileiros, companheiros da categoria peso-pesado, n\u00e3o mais do que quatro ve\u00edculos de imprensa desejavam falar com ele. E assim o fizeram. Riner, de 32 anos, atendeu atenciosamente todos eles e sentou no dojo montado nas depend\u00eancias do Parque Aqu\u00e1tico Maria Lenk para uma entrevista que mais pareceu um bate-papo. Falou em tom descontra\u00eddo, mas tamb\u00e9m comprometido, sobre assuntos que t\u00eam ou n\u00e3o a ver com a carreira dos sonhos constru\u00edda por ele.<img decoding=\"async\" src=\"https:\/\/agenciabrasil.ebc.com.br\/ebc.png?id=1448140&amp;o=node\" \/><img decoding=\"async\" src=\"https:\/\/agenciabrasil.ebc.com.br\/ebc.gif?id=1448140&amp;o=node\" \/><\/p>\n<p>\u201cEu sei a estatura que tenho no jud\u00f4 mundial\u201d, disse, \u00e0\u00a0<strong>Ag\u00eancia Brasil<\/strong>, Riner por mais de uma vez, n\u00e3o de forma arrogante, mas sim consciente do que j\u00e1 alcan\u00e7ou.<\/p>\n<p>No jud\u00f4 \u00e9 comum se valorizar toda e qualquer oportunidade de treinar com os advers\u00e1rios. A express\u00e3o corrente \u00e9 \u201cpegar no quimono\u201d. O esporte \u00e9 uma troca de informa\u00e7\u00f5es em tempo real entre dois atletas. Para quem olha de fora, pode parecer m\u00e1 estrat\u00e9gia abrir um pouco o jogo para o advers\u00e1rio. Por\u00e9m, \u00e9 uma via de duas m\u00e3os. Treinar com ou at\u00e9 mesmo estar perto de Riner, no entanto, pode ter um peso descomunal para atletas que talvez nunca o enfrentem na vida. Ele \u00e9 apenas seis anos mais velho que Jo\u00e3o Marcos Cesarino, de 26. Eles nunca estiveram frente a frente e, considerando a linha do tempo em que o franc\u00eas vive (pode encerrar a carreira daqui a dois anos), possivelmente nem cruzem o caminho um do outro. Por\u00e9m, dez dias ao lado dele (at\u00e9 o pr\u00f3ximo s\u00e1bado, 19) podem ter tanta ou mais import\u00e2ncia do que anos de pr\u00e1tica.<\/p>\n<p>\u201cTreinar com ele dia a dia faz a gente ter uma no\u00e7\u00e3o do que \u00e9 o circuito l\u00e1 fora. Ele \u00e9 um peso-pesado que tem caracter\u00edsticas de meio-pesado. Um pouco mais r\u00e1pido, inteligente na pegada, tem golpe para todos os lados. Ele \u00e9 uma refer\u00eancia para seguir\u201d, destaca o atleta do Instituto Rea\u00e7\u00e3o e da sele\u00e7\u00e3o brasileira.<\/p>\n<p>O status de estrela gera curiosidade sobre outros detalhes. As primeiras impress\u00f5es de Cesarino foram de um \u201ccara fam\u00edlia\u201d, que gosta do esporte.<\/p>\n<p>Poucos no Brasil conhecem Riner t\u00e3o bem quanto Rafael Silva, o Baby, definido pelo pr\u00f3prio franc\u00eas como um amigo. \u00c9 verdade que no tatame Riner n\u00e3o costuma ser amig\u00e1vel com o brasileiro. A Federa\u00e7\u00e3o Internacional de Jud\u00f4 (IJF) tem em seus registros oito duelos entre os dois, todos encerrados com vit\u00f3ria de Teddy, sendo dois deles nos Jogos Ol\u00edmpicos do Rio e de T\u00f3quio.<\/p>\n<p>\u201cO Teddy est\u00e1 nessa fase de tentar se inspirar para os pr\u00f3ximos Jogos, quer melhorar a luta de solo dele. Eu tamb\u00e9m estou em uma fase de mudan\u00e7as, de tentar ser um Rafael um pouco diferente nesse ciclo. Ent\u00e3o acho que \u00e9 um momento bem legal para treinarmos junto e tentar entender esse jud\u00f4 novo dele. Espero encontrar uma fase em que eu consiga lutar bem com ele\u201d, admite o brasileiro.<\/p>\n<p>Baby \u00e9 prova viva do feito que al\u00e7ou Riner \u00e0 condi\u00e7\u00e3o de lenda do jud\u00f4. Durante mais de dez anos, precisamente 154 lutas entre 2010 e 2020 ele se manteve invicto. Foi ali que ele empilhou t\u00edtulos mundiais e conquistou dois ouros ol\u00edmpicos, em 2012 e 2016. Tantos triunfos o fizeram recontextualizar a import\u00e2ncia de estar sempre competindo, e ele se deu de presente um tempo fora. Depois de quase dois anos sem lutar, ele retornou no fim de 2019 sem estar na ponta dos cascos e acabou derrotado pelo japon\u00eas Kokoro Kageura em casa, em fevereiro de 2020. Uma les\u00e3o no joelho impediu que adquirisse melhor ritmo, e ele chegou aos Jogos de T\u00f3quio n\u00e3o t\u00e3o bem ranqueado, caindo para o russo Tamerlan Bashaev, l\u00edder do ranking mundial, nas quartas de final e terminando com o bronze (foi ouro por equipes). Questionado se acredita que ainda estaria invicto se n\u00e3o tivesse optado pelo per\u00edodo sab\u00e1tico e posteriormente se lesionado, Riner escolhe o caminho da humildade.<\/p>\n<p>\u201c\u00c9 complicado. N\u00e3o sei. Quando entro no tatame, nunca sei se vou ganhar ou perder. Toda vez que vou competir, penso comigo \u2018hoje voc\u00ea pode ganhar ou perder\u2019. Nunca esque\u00e7o disso. Sei que o meu corpo j\u00e1 n\u00e3o \u00e9 mais o mesmo, mas o lado mental nunca se perdeu\u201d, revela aos risos.<\/p>\n<p>Sorrir e responder com \u201cn\u00e3o sei\u201d foram duas t\u00f4nicas da conversa com o judoca franc\u00eas. Ele n\u00e3o se compromete sobre encerrar ou n\u00e3o a carreira nos Jogos de Paris, quando estar\u00e1 em casa. N\u00e3o sabe ao certo quando ser\u00e1 a despedida e brinca que pode at\u00e9 esperar at\u00e9 2028, em Los Angeles.<\/p>\n<p>Por mais que tenha consci\u00eancia do patamar que atingiu dentro da modalidade, Riner revela n\u00e3o se considerar um super-homem. Detesta perder, at\u00e9 mesmo no videogame ou se estiver disputando algo com os filhos, mas sempre mant\u00e9m uma atitude positiva e de certa forma brincalhona. Aproveito a deixa e pergunto se a recente derrota do PSG, clube que defende e pelo qual torce, para o Real Madrid pela Liga dos Campe\u00f5es o irritou e o semblante rapidamente muda. Ele diz que \u00e9 importante ter um bom grupo em competi\u00e7\u00f5es por equipes. Mas logo volta ao clima jocoso.<\/p>\n<p>\u201cNa pr\u00f3xima vez que eu for a um jogo, vou falar com eles no vesti\u00e1rio. \u2018Por favor, ven\u00e7am\u2019. Se n\u00e3o vencerem, mato voc\u00eas\u201d, completa para mais risadas.<\/p>\n<p>N\u00e3o h\u00e1 questionamento que o deixa desconfort\u00e1vel, mesmo que ele n\u00e3o saiba a resposta exata. A flu\u00eancia na conversa, mesmo que n\u00e3o seja na l\u00edngua-m\u00e3e (Teddy \u00e0s vezes pede ajuda no ingl\u00eas), pode ter a ver com o fato de se sentir em casa no Rio de Janeiro. Literalmente. Quase que por acaso, quando o pergunto sobre o motivo de ter escolhido vir treinar na Cidade Maravilhosa para se preparar para a temporada de 2022, o franc\u00eas revela que ama o lugar e que h\u00e1 um ano, inclusive, comprou um apartamento em Copacabana.<\/p>\n<p>\u201cAqui conquistei meu primeiro Campeonato Mundial, aos 17 anos, quando vi que as coisas poderiam acontecer bem mais r\u00e1pido do que imaginava para mim. O povo \u00e9 muito legal comigo aqui. O Brasil \u00e9 muito, muito, muito especial\u201d, declara.<\/p>\n<p>E assim, de forma surpreendente, a conversa que come\u00e7ou focada em conseguir um depoimento sobre uma carreira cheia de conquistas terminou com a revela\u00e7\u00e3o de que, depois de 2024 (ou 2028), existe a possibilidade de se esbarrar diariamente com Teddy Riner nas praias cariocas. Touch\u00e9.<\/p>\n<p><span style=\"font-weight: 400;\">Fonte: Ag\u00eancia Brasil <\/span><\/p>\n","protected":false},"excerpt":{"rendered":"<p>Para algu\u00e9m com um retrospecto t\u00e3o vitorioso (dez t\u00edtulos mundiais, tr\u00eas ouros ol\u00edmpicos e cinco p\u00f3dios em Jogos) e que ainda est\u00e1 em atividade, o judoca franc\u00eas Teddy Riner estava surpreendentemente acess\u00edvel. Na \u00faltima sexta-feira (11), rec\u00e9m-chegado ao Rio para um per\u00edodo de treinos com atletas brasileiros, companheiros da categoria peso-pesado, n\u00e3o mais do que [&hellip;]<\/p>\n","protected":false},"author":246,"featured_media":196122,"comment_status":"closed","ping_status":"closed","sticky":false,"template":"","format":"standard","meta":{"footnotes":""},"categories":[436,257,439],"tags":[],"class_list":["post-196121","post","type-post","status-publish","format-standard","has-post-thumbnail","hentry","category-destaque-da-semana","category-esporte","category-ultima-hora"],"_links":{"self":[{"href":"https:\/\/diarioregionaldigital.com.br\/index.php?rest_route=\/wp\/v2\/posts\/196121","targetHints":{"allow":["GET"]}}],"collection":[{"href":"https:\/\/diarioregionaldigital.com.br\/index.php?rest_route=\/wp\/v2\/posts"}],"about":[{"href":"https:\/\/diarioregionaldigital.com.br\/index.php?rest_route=\/wp\/v2\/types\/post"}],"author":[{"embeddable":true,"href":"https:\/\/diarioregionaldigital.com.br\/index.php?rest_route=\/wp\/v2\/users\/246"}],"replies":[{"embeddable":true,"href":"https:\/\/diarioregionaldigital.com.br\/index.php?rest_route=%2Fwp%2Fv2%2Fcomments&post=196121"}],"version-history":[{"count":1,"href":"https:\/\/diarioregionaldigital.com.br\/index.php?rest_route=\/wp\/v2\/posts\/196121\/revisions"}],"predecessor-version":[{"id":196123,"href":"https:\/\/diarioregionaldigital.com.br\/index.php?rest_route=\/wp\/v2\/posts\/196121\/revisions\/196123"}],"wp:featuredmedia":[{"embeddable":true,"href":"https:\/\/diarioregionaldigital.com.br\/index.php?rest_route=\/wp\/v2\/media\/196122"}],"wp:attachment":[{"href":"https:\/\/diarioregionaldigital.com.br\/index.php?rest_route=%2Fwp%2Fv2%2Fmedia&parent=196121"}],"wp:term":[{"taxonomy":"category","embeddable":true,"href":"https:\/\/diarioregionaldigital.com.br\/index.php?rest_route=%2Fwp%2Fv2%2Fcategories&post=196121"},{"taxonomy":"post_tag","embeddable":true,"href":"https:\/\/diarioregionaldigital.com.br\/index.php?rest_route=%2Fwp%2Fv2%2Ftags&post=196121"}],"curies":[{"name":"wp","href":"https:\/\/api.w.org\/{rel}","templated":true}]}}