{"id":196118,"date":"2022-03-14T18:34:54","date_gmt":"2022-03-14T21:34:54","guid":{"rendered":"https:\/\/diarioregionaldigital.com.br\/?p=196118"},"modified":"2022-03-14T18:34:54","modified_gmt":"2022-03-14T21:34:54","slug":"brasil-garante-vaga-inedita-em-mundial-de-rugby-em-cadeira-de-rodas","status":"publish","type":"post","link":"https:\/\/diarioregionaldigital.com.br\/?p=196118","title":{"rendered":"Brasil garante vaga in\u00e9dita em Mundial de Rugby em cadeira de rodas"},"content":{"rendered":"<p>A sele\u00e7\u00e3o brasileira masculina de rugby em cadeira de rodas assegurou pela primeira vez na hist\u00f3ria uma vaga no Mundial da modalidade, programado para outubro na Dinamarca. A conquista da vaga direta ocorreu ap\u00f3s vit\u00f3ria emocionante, por 54 a 52, contra a anfitri\u00e3 Col\u00f4mbia, na disputa pela medalha de bronze do Campeonato da Am\u00e9ricas, na noite deste s\u00e1bado (12), em Medell\u00edn. Os tr\u00eas primeiros colocados na competi\u00e7\u00e3o carimbaram o passaporte rumo ao Mundial.<img decoding=\"async\" src=\"https:\/\/agenciabrasil.ebc.com.br\/ebc.png?id=1448004&amp;o=node\" \/><img decoding=\"async\" src=\"https:\/\/agenciabrasil.ebc.com.br\/ebc.gif?id=1448004&amp;o=node\" \/><\/p>\n<p>\u201cO Brasil est\u00e1 em busca desta vit\u00f3ria desde 2019, quando perdemos a medalha no Jogos Parapan-Americanos de Lima. Esta viagem foi com adversidades, e ainda o falecimento do\u00a0<a href=\"https:\/\/agenciabrasil.ebc.com.br\/esportes\/noticia\/2022-03\/luiz-claudio-pereira-multicampeao-paralimpico-morre-aos-60-anos\">Luiz que era nosso chefe de miss\u00e3o<\/a>. Conseguimos focar em nosso objetivo e trazer a medalha para o Brasil, estamos agora comemorando nossa conquista, juntos e ansiosos pela volta ao Brasil e preparados para pr\u00f3xima, porque iremos batalhar muito pelos pr\u00f3ximos objetivos\u201d, garantiu Guilherme Camargo, capit\u00e3o da equipe.<\/p>\n<p>Na disputa pelo 3\u00ba lugar (bronze), os brasileiros reencontraram os colombianos, para os quais haviam perdido na primeira fase por 45 a 39. Nos outros tr\u00eas jogos, a sele\u00e7\u00e3o perdeu na estreia para o Canad\u00e1 (57 a 33); superou a Argentina (65 a 32), e foi derrotada pelos Estados Unidos (60 a 38).\u00a0 Na semifinal, a sele\u00e7\u00e3o sofreu o segundo rev\u00e9s para o Canad\u00e1 (52 a 35) na competi\u00e7\u00e3o.<\/p>\n<p>\u201cTivemos muita dificuldade nesta competi\u00e7\u00e3o, muito cuidado com a condi\u00e7\u00e3o f\u00edsica dos atletas para o jogo da disputa da medalha, o grupo estava muito concentrado e mesmo com as dificuldades, estando atr\u00e1s no placar, conseguimos o nosso objetivo. Agora precisamos construir, inclusive com a nossa ida para o Mundial. Agrade\u00e7o a toda equipe porque sozinho ningu\u00e9m faz nada\u201d, disse Rafael Gouveia, t\u00e9cnico do Brasil.<\/p>\n<p>Fonte: Ag\u00eancia Brasil<\/p>\n","protected":false},"excerpt":{"rendered":"<p>A sele\u00e7\u00e3o brasileira masculina de rugby em cadeira de rodas assegurou pela primeira vez na hist\u00f3ria uma vaga no Mundial da modalidade, programado para outubro na Dinamarca. A conquista da vaga direta ocorreu ap\u00f3s vit\u00f3ria emocionante, por 54 a 52, contra a anfitri\u00e3 Col\u00f4mbia, na disputa pela medalha de bronze do Campeonato da Am\u00e9ricas, na [&hellip;]<\/p>\n","protected":false},"author":246,"featured_media":196119,"comment_status":"closed","ping_status":"closed","sticky":false,"template":"","format":"standard","meta":{"footnotes":""},"categories":[436,257,439],"tags":[],"class_list":["post-196118","post","type-post","status-publish","format-standard","has-post-thumbnail","hentry","category-destaque-da-semana","category-esporte","category-ultima-hora"],"_links":{"self":[{"href":"https:\/\/diarioregionaldigital.com.br\/index.php?rest_route=\/wp\/v2\/posts\/196118","targetHints":{"allow":["GET"]}}],"collection":[{"href":"https:\/\/diarioregionaldigital.com.br\/index.php?rest_route=\/wp\/v2\/posts"}],"about":[{"href":"https:\/\/diarioregionaldigital.com.br\/index.php?rest_route=\/wp\/v2\/types\/post"}],"author":[{"embeddable":true,"href":"https:\/\/diarioregionaldigital.com.br\/index.php?rest_route=\/wp\/v2\/users\/246"}],"replies":[{"embeddable":true,"href":"https:\/\/diarioregionaldigital.com.br\/index.php?rest_route=%2Fwp%2Fv2%2Fcomments&post=196118"}],"version-history":[{"count":1,"href":"https:\/\/diarioregionaldigital.com.br\/index.php?rest_route=\/wp\/v2\/posts\/196118\/revisions"}],"predecessor-version":[{"id":196120,"href":"https:\/\/diarioregionaldigital.com.br\/index.php?rest_route=\/wp\/v2\/posts\/196118\/revisions\/196120"}],"wp:featuredmedia":[{"embeddable":true,"href":"https:\/\/diarioregionaldigital.com.br\/index.php?rest_route=\/wp\/v2\/media\/196119"}],"wp:attachment":[{"href":"https:\/\/diarioregionaldigital.com.br\/index.php?rest_route=%2Fwp%2Fv2%2Fmedia&parent=196118"}],"wp:term":[{"taxonomy":"category","embeddable":true,"href":"https:\/\/diarioregionaldigital.com.br\/index.php?rest_route=%2Fwp%2Fv2%2Fcategories&post=196118"},{"taxonomy":"post_tag","embeddable":true,"href":"https:\/\/diarioregionaldigital.com.br\/index.php?rest_route=%2Fwp%2Fv2%2Ftags&post=196118"}],"curies":[{"name":"wp","href":"https:\/\/api.w.org\/{rel}","templated":true}]}}