{"id":196114,"date":"2022-03-14T18:32:35","date_gmt":"2022-03-14T21:32:35","guid":{"rendered":"https:\/\/diarioregionaldigital.com.br\/?p=196114"},"modified":"2022-03-14T18:32:35","modified_gmt":"2022-03-14T21:32:35","slug":"vasco-faz-3-a-0-no-resende-e-vai-encarar-flamengo-na-semi-do-carioca","status":"publish","type":"post","link":"https:\/\/diarioregionaldigital.com.br\/?p=196114","title":{"rendered":"Vasco faz 3 a 0 no Resende e vai encarar Flamengo na semi do Carioca"},"content":{"rendered":"<p>Est\u00e3o definidas as semifinais do Campeonato Carioca de 2022. Com a vit\u00f3ria do Vasco sobre o Resende por 3 a 0, pela 11\u00aa e \u00faltima rodada da Ta\u00e7a Guanabara (equivalente \u00e0 primeira fase da competi\u00e7\u00e3o), o Cruzmaltino assegurou o terceiro lugar, com 22 pontos e vai enfrentar o Flamengo. J\u00e1 o Botafogo foi at\u00e9 Angra dos Reis e empatou com o Audax por 2 a 2, sendo ultrapassado pelo Vasco e terminando com 20 pontos, na\u00a0quarta\u00a0coloca\u00e7\u00e3o. Com isso, o Glorioso ser\u00e1 o advers\u00e1rio do Fluminense, campe\u00e3o da Ta\u00e7a Guanabara.<img decoding=\"async\" src=\"https:\/\/agenciabrasil.ebc.com.br\/ebc.png?id=1448010&amp;o=node\" \/><img decoding=\"async\" src=\"https:\/\/agenciabrasil.ebc.com.br\/ebc.gif?id=1448010&amp;o=node\" \/><\/p>\n<p>Em S\u00e3o Janu\u00e1rio, o Vasco n\u00e3o teve dificuldades diante do Resende. Antes de marcar, j\u00e1 havia acertado a trave em chute de Z\u00e9 Gabriel ap\u00f3s cobran\u00e7a de escanteio. Figueiredo, de bicicleta, tamb\u00e9m quase marcou. Aos 40 minutos da primeira etapa, o gol finalmente saiu: Bruno Naz\u00e1rio recebeu pr\u00f3ximo \u00e0 entrada da \u00e1rea e chutou colocado, \u00e0 direita da meta defendida por Gustavo Fraga.<\/p>\n<p>No segundo tempo, a equipe sacramentou a vit\u00f3ria com mais dois gols um logo depois do outro. Aos 30, Vitinho recebeu lan\u00e7amento e completou de cabe\u00e7a, deslocando o goleiro advers\u00e1rio. Quatro minutos depois, novo lan\u00e7amento acabou sendo cortado por Gustavo Fraga de cabe\u00e7a, mas ele acertou o pr\u00f3prio companheiro de time e a bola sobrou limpa para Vin\u00edcius completar para o gol vazio.<\/p>\n<p>O Vasco come\u00e7a a decidir uma vaga na grande final j\u00e1 nesta\u00a0quarta-feira (16), diante do Flamengo. O jogo de volta ser\u00e1 no\u00a0domingo\u00a0(20). O Rubro-Negro, que fez melhor campanha, joga por dois resultados iguais. O Vasco tenta espantar o mau momento em cl\u00e1ssicos: neste Carioca, foi derrotado pelos tr\u00eas rivais (Flamengo, Fluminense e Botafogo).<\/p>\n<h2>Botafogo escapa da derrota e far\u00e1 cl\u00e1ssico Vov\u00f4<\/h2>\n<p>Jogando no Est\u00e1dio Jair Toscano, em Angra dos Reis, o Botafogo teve dificuldades diante do Audax. O Alvinegro ficou atr\u00e1s do placar duas vezes, buscando a igualdade em ambas as ocasi\u00f5es. O t\u00e9cnico interino L\u00facio Fl\u00e1vio levou a campo uma escala\u00e7\u00e3o repleta de jovens jogadores que n\u00e3o v\u00eam sendo titulares e a equipe teve problemas para encarar o advers\u00e1rio.<\/p>\n<p>Um dos jogadores ainda sem ritmo foi o goleiro Diego Loureiro, que falhou no primeiro gol do Audax. Aos 43 minutos, ele saiu mal do gol em cobran\u00e7a de escanteio, n\u00e3o segurou a bola e, ap\u00f3s desvio em Reidson, ela sobrou para Anderson Lessa completar para o gol.<\/p>\n<p>O Botafogo conseguiu o empate logo no come\u00e7o do segundo tempo. Luiz Fernando, que entrou ap\u00f3s o intervalo, fez boa jogada pela direita. Ap\u00f3s bate-rebate, a bola ficou com Breno, que tocou na sa\u00edda do goleiro Max.<\/p>\n<p>Aos 31, ap\u00f3s sa\u00edda de bola errada da defesa alvinegra, Hugo Sanches arriscou de fora da \u00e1rea e acertou o canto direito de Diego Loureiro, que n\u00e3o alcan\u00e7ou: 2 a 1.<\/p>\n<p>Mas os visitantes deixaram tudo igual logo depois. A arbitragem apontou p\u00eanalti em toque na m\u00e3o de Tom\u00e1s Kayck. Erison cobrou e empatou, marcando pela\u00a0sexta\u00a0vez no campeonato.<\/p>\n<p>Botafogo e Fluminense definem a\u00a0segunda\u00a0vaga na final a partir do dia 21 (uma segunda-feira), conforme anunciou\u00a0a Federa\u00e7\u00e3o de Futebol do Rio de Janeiro (Ferj) neste domingo (12). Inicialmente o primeiro jogo da semi ocorreria no pr\u00f3ximo s\u00e1bado (19), mas\u00a0mas o Tricolor joga a Libertadores fora de casa no meio da semana e s\u00f3 chegar\u00e1\u00a0ao Rio\u00a0no dia 17. O segundo confronto ser\u00e1 no dia 27 (domingo). Assim como o Flamengo, o Fluminense joga por dois resultados iguais (dois empates ou uma vit\u00f3ria e uma derrota pela mesma diferen\u00e7a de gols) para avan\u00e7ar.<\/p>\n<p>Fonte: Ag\u00eancia Brasil<\/p>\n","protected":false},"excerpt":{"rendered":"<p>Est\u00e3o definidas as semifinais do Campeonato Carioca de 2022. Com a vit\u00f3ria do Vasco sobre o Resende por 3 a 0, pela 11\u00aa e \u00faltima rodada da Ta\u00e7a Guanabara (equivalente \u00e0 primeira fase da competi\u00e7\u00e3o), o Cruzmaltino assegurou o terceiro lugar, com 22 pontos e vai enfrentar o Flamengo. J\u00e1 o Botafogo foi at\u00e9 Angra [&hellip;]<\/p>\n","protected":false},"author":246,"featured_media":196115,"comment_status":"closed","ping_status":"closed","sticky":false,"template":"","format":"standard","meta":{"footnotes":""},"categories":[436,257,439],"tags":[],"class_list":["post-196114","post","type-post","status-publish","format-standard","has-post-thumbnail","hentry","category-destaque-da-semana","category-esporte","category-ultima-hora"],"_links":{"self":[{"href":"https:\/\/diarioregionaldigital.com.br\/index.php?rest_route=\/wp\/v2\/posts\/196114","targetHints":{"allow":["GET"]}}],"collection":[{"href":"https:\/\/diarioregionaldigital.com.br\/index.php?rest_route=\/wp\/v2\/posts"}],"about":[{"href":"https:\/\/diarioregionaldigital.com.br\/index.php?rest_route=\/wp\/v2\/types\/post"}],"author":[{"embeddable":true,"href":"https:\/\/diarioregionaldigital.com.br\/index.php?rest_route=\/wp\/v2\/users\/246"}],"replies":[{"embeddable":true,"href":"https:\/\/diarioregionaldigital.com.br\/index.php?rest_route=%2Fwp%2Fv2%2Fcomments&post=196114"}],"version-history":[{"count":2,"href":"https:\/\/diarioregionaldigital.com.br\/index.php?rest_route=\/wp\/v2\/posts\/196114\/revisions"}],"predecessor-version":[{"id":196117,"href":"https:\/\/diarioregionaldigital.com.br\/index.php?rest_route=\/wp\/v2\/posts\/196114\/revisions\/196117"}],"wp:featuredmedia":[{"embeddable":true,"href":"https:\/\/diarioregionaldigital.com.br\/index.php?rest_route=\/wp\/v2\/media\/196115"}],"wp:attachment":[{"href":"https:\/\/diarioregionaldigital.com.br\/index.php?rest_route=%2Fwp%2Fv2%2Fmedia&parent=196114"}],"wp:term":[{"taxonomy":"category","embeddable":true,"href":"https:\/\/diarioregionaldigital.com.br\/index.php?rest_route=%2Fwp%2Fv2%2Fcategories&post=196114"},{"taxonomy":"post_tag","embeddable":true,"href":"https:\/\/diarioregionaldigital.com.br\/index.php?rest_route=%2Fwp%2Fv2%2Ftags&post=196114"}],"curies":[{"name":"wp","href":"https:\/\/api.w.org\/{rel}","templated":true}]}}