{"id":196111,"date":"2022-03-14T18:30:03","date_gmt":"2022-03-14T21:30:03","guid":{"rendered":"https:\/\/diarioregionaldigital.com.br\/?p=196111"},"modified":"2022-03-14T18:30:03","modified_gmt":"2022-03-14T21:30:03","slug":"gabriel-araujo-crava-novo-recorde-mundial-dos-50m-borboleta-classe-s2","status":"publish","type":"post","link":"https:\/\/diarioregionaldigital.com.br\/?p=196111","title":{"rendered":"Gabriel Ara\u00fajo crava novo recorde mundial dos 50m borboleta classe S2"},"content":{"rendered":"<p class=\"col-10 offset-1 animated fadeInDown dealy-750 display-6 display-md-4 display-lg-5 font-weight-bold alt-font text-center my-1\">\u00a0O\u00a0domingo (13)\u00a0foi de recordes mundiais para o Brasil no esporte paral\u00edmpico. O mineiro Gabriel Ara\u00fajo, de 19 anos, registrou o novo recorde mundial na prova dos 50m borboleta classe S2 (comprometimento motor mais severo) na etapa de\u00a0Lignano Sabbiadoro (It\u00e1lia)\u00a0do circuito mundial da nata\u00e7\u00e3o paral\u00edmpica (World Series). Ele nadou em 56s62, superando a pr\u00f3pria marca que ele havia alcan\u00e7ado na eliminat\u00f3ria da mesma competi\u00e7\u00e3o (a etapa italiana da World Series, circuito mundial da nata\u00e7\u00e3o paral\u00edmpica), com 57s21. J\u00e1 em S\u00e3o Paulo, a baiana Raissa Rocha tamb\u00e9m bateu o recorde mundial na prova do lan\u00e7amento de dardo F56, para atletas com comprometimento nos membros inferiores e que fazem seus lan\u00e7amentos sentados. Ela alcan\u00e7ou 24,80m, superando o antigo recorde, que pertencia \u00e0 iraniana Hashemiyeh Moavi, em 30 cent\u00edmetros. Esta foi a marca que rendeu a ela o ouro paral\u00edmpico em T\u00f3quio, inclusive.<img decoding=\"async\" src=\"https:\/\/agenciabrasil.ebc.com.br\/ebc.png?id=1448015&amp;o=node\" \/><img decoding=\"async\" src=\"https:\/\/agenciabrasil.ebc.com.br\/ebc.gif?id=1448015&amp;o=node\" \/><\/p>\n<p>A curiosidade da competi\u00e7\u00e3o de Gabriel, na It\u00e1lia, \u00e9 que ele sequer chegou ao p\u00f3dio. Isso aconteceu porque foi uma prova multiclasse, que envolveu atletas com comprometimentos muito menores. O ouro, ali\u00e1s, foi de outro brasileiro: Talisson Glock, com o tempo de 31s94. Talisson \u00e9 da classe S6. Gabrielzinho terminou em quarto. Por\u00e9m, nos 150 medley masculino, o ouro n\u00e3o escapou dele, com o tempo de 3min47s04.<\/p>\n<p>O Brasil conquistou outros dois ouros na competi\u00e7\u00e3o, com Gabriel Bandeira (S14) nos 100 borboleta masculino e L\u00eddia Vieira (SM4) nos 150 medley feminino.<\/p>\n<h2>Recorde mundial surpreende at\u00e9 a pr\u00f3pria Raissa<\/h2>\n<p>Em S\u00e3o Paulo, na 1\u00aa fase nacional de atletismo do Circuito Paral\u00edmpico Loterias Caixa, Raissa Rocha, que ainda estava em fase de teste de for\u00e7a, almejava apenas lan\u00e7ar a 23,96m, abaixo dos 24,39m que garantiram a ela a prata em T\u00f3quio. Por\u00e9m, ela foi muito al\u00e9m, alcan\u00e7ando os 24,80m. Este foi o primeiro evento da temporada, que ainda\u00a0ter\u00e1 o Campeonato Brasileiro de atletismo paral\u00edmpico e a segunda fase nacional do circuito.<\/p>\n<p>Fonte: Ag\u00eancia Brasil<\/p>\n","protected":false},"excerpt":{"rendered":"<p>\u00a0O\u00a0domingo (13)\u00a0foi de recordes mundiais para o Brasil no esporte paral\u00edmpico. O mineiro Gabriel Ara\u00fajo, de 19 anos, registrou o novo recorde mundial na prova dos 50m borboleta classe S2 (comprometimento motor mais severo) na etapa de\u00a0Lignano Sabbiadoro (It\u00e1lia)\u00a0do circuito mundial da nata\u00e7\u00e3o paral\u00edmpica (World Series). Ele nadou em 56s62, superando a pr\u00f3pria marca que [&hellip;]<\/p>\n","protected":false},"author":246,"featured_media":196112,"comment_status":"closed","ping_status":"closed","sticky":false,"template":"","format":"standard","meta":{"footnotes":""},"categories":[436,440,257,439],"tags":[],"class_list":["post-196111","post","type-post","status-publish","format-standard","has-post-thumbnail","hentry","category-destaque-da-semana","category-destaques-do-dia","category-esporte","category-ultima-hora"],"_links":{"self":[{"href":"https:\/\/diarioregionaldigital.com.br\/index.php?rest_route=\/wp\/v2\/posts\/196111","targetHints":{"allow":["GET"]}}],"collection":[{"href":"https:\/\/diarioregionaldigital.com.br\/index.php?rest_route=\/wp\/v2\/posts"}],"about":[{"href":"https:\/\/diarioregionaldigital.com.br\/index.php?rest_route=\/wp\/v2\/types\/post"}],"author":[{"embeddable":true,"href":"https:\/\/diarioregionaldigital.com.br\/index.php?rest_route=\/wp\/v2\/users\/246"}],"replies":[{"embeddable":true,"href":"https:\/\/diarioregionaldigital.com.br\/index.php?rest_route=%2Fwp%2Fv2%2Fcomments&post=196111"}],"version-history":[{"count":1,"href":"https:\/\/diarioregionaldigital.com.br\/index.php?rest_route=\/wp\/v2\/posts\/196111\/revisions"}],"predecessor-version":[{"id":196113,"href":"https:\/\/diarioregionaldigital.com.br\/index.php?rest_route=\/wp\/v2\/posts\/196111\/revisions\/196113"}],"wp:featuredmedia":[{"embeddable":true,"href":"https:\/\/diarioregionaldigital.com.br\/index.php?rest_route=\/wp\/v2\/media\/196112"}],"wp:attachment":[{"href":"https:\/\/diarioregionaldigital.com.br\/index.php?rest_route=%2Fwp%2Fv2%2Fmedia&parent=196111"}],"wp:term":[{"taxonomy":"category","embeddable":true,"href":"https:\/\/diarioregionaldigital.com.br\/index.php?rest_route=%2Fwp%2Fv2%2Fcategories&post=196111"},{"taxonomy":"post_tag","embeddable":true,"href":"https:\/\/diarioregionaldigital.com.br\/index.php?rest_route=%2Fwp%2Fv2%2Ftags&post=196111"}],"curies":[{"name":"wp","href":"https:\/\/api.w.org\/{rel}","templated":true}]}}