{"id":196100,"date":"2022-03-14T18:19:18","date_gmt":"2022-03-14T21:19:18","guid":{"rendered":"https:\/\/diarioregionaldigital.com.br\/?p=196100"},"modified":"2022-03-14T18:19:18","modified_gmt":"2022-03-14T21:19:18","slug":"aberta-consulta-publica-sobre-concessao-do-parque-das-aguas-de-caxambu","status":"publish","type":"post","link":"https:\/\/diarioregionaldigital.com.br\/?p=196100","title":{"rendered":"Aberta consulta p\u00fablica sobre concess\u00e3o do Parque das \u00c1guas de Caxambu"},"content":{"rendered":"<p>A\u00a0<a href=\"http:\/\/www.codemge.com.br\/\" target=\"_blank\" rel=\"noopener\">Companhia de Desenvolvimento de Minas Gerais (Codemge)<\/a>\u00a0est\u00e1 com consulta p\u00fablica aberta, at\u00e9 28\/4, para concess\u00e3o do Parque das \u00c1guas de Caxambu. O objetivo \u00e9 que investidores, entidades da sociedade civil, turistas e popula\u00e7\u00e3o em geral contribuam com as defini\u00e7\u00f5es do edital que ser\u00e1 elaborado para concess\u00e3o do empreendimento. Os interessados em participar dessa consulta devem preencher o formul\u00e1rio dispon\u00edvel em\u00a0<a href=\"http:\/\/www.codemge.com.br\/consultaspublicas\" target=\"_blank\" rel=\"noopener\">www.codemge.com.br\/consultaspublicas<\/a>.<\/p>\n<p><strong>Sobre a concess\u00e3o<\/strong><\/p>\n<p>A concess\u00e3o ser\u00e1 para presta\u00e7\u00e3o de servi\u00e7os de gest\u00e3o, opera\u00e7\u00e3o e manuten\u00e7\u00e3o, bem como a execu\u00e7\u00e3o de obras e servi\u00e7os de engenharia. Est\u00e1 inclu\u00edda a explora\u00e7\u00e3o do Balne\u00e1rio Hidroter\u00e1pico e de seus equipamentos, tais como banheiras, duchas, saunas e\u00a0piscina interna. N\u00e3o integram o objeto da concess\u00e3o a engarrafadora e o direito miner\u00e1rio. O concession\u00e1rio far\u00e1 o uso da \u00e1gua e suas fontes, enquanto a Codemge continuar\u00e1 com a responsabilidade pelo direito miner\u00e1rio.<\/p>\n<p>Entre as a\u00e7\u00f5es a serem realizadas pelo futuro concession\u00e1rio est\u00e1 previsto um investimento na ordem de R$ 11 milh\u00f5es. O prazo de vig\u00eancia do contrato ser\u00e1 de 30 (trinta) anos.<\/p>\n<p>Est\u00e1 garantido \u00e0 popula\u00e7\u00e3o o hor\u00e1rio de acesso gratuito ao parque, das 7h \u00e0s 9h, como \u00e9 realizado atualmente. Tamb\u00e9m\u00a0ser\u00e1 mantido o hor\u00e1rio m\u00ednimo de funcionamento.<\/p>\n<p>Al\u00e9m disso, todos os servi\u00e7os &#8211;\u00a0limpeza,\u00a0seguran\u00e7a, entre outros &#8211;\u00a0ser\u00e3o realizados pelo futuro concession\u00e1rios, que ser\u00e1 avaliado por indicadores de desempenho visando a melhor presta\u00e7\u00e3o de servi\u00e7o para o cidad\u00e3o.<\/p>\n<p><strong>Parque<\/strong><\/p>\n<p>O Parque das \u00c1guas Dr. Lisandro Carneiro Guimar\u00e3es \u00e9 conhecido por suas \u00e1guas minerais terap\u00eauticas e conta com \u00e1rea de 210 mil metros quadrados. O espa\u00e7o re\u00fane um g\u00eaiser, um coreto, esculturas e diversos outros elementos paisag\u00edsticos e mobili\u00e1rios, al\u00e9m de dez\u00a0fontan\u00e1rios de \u00e1guas minerais, cada uma delas com propriedades diferentes.<\/p>\n<p>O empreendimento oferece atra\u00e7\u00f5es para todos os gostos e idades, com quadras de t\u00eanis de saibro, quadras de v\u00f4lei tradicional e de areia, pista de corrida\/caminhada, \u00e1rea de piquenique, piscinas de \u00e1gua mineral (adulto e infantil), vesti\u00e1rios, ringue de patina\u00e7\u00e3o e playground, entre outros exemplos.<\/p>\n<p>O conjunto arquitet\u00f4nico e paisag\u00edstico do Parque das \u00c1guas integra o cen\u00e1rio urbano de Caxambu e a hist\u00f3ria da cidade. Os pr\u00e9dios do balne\u00e1rio, do engarrafamento de \u00e1guas, dos fontan\u00e1rios e do coreto configuram um acervo arquitet\u00f4nico, abarcando tipologias como ecletismo, art nouveau, art dec\u00f3, neocl\u00e1ssico e moderno. O parque tamb\u00e9m conta com mobili\u00e1rio valioso, a exemplo das obras do Chico Cascateiro, das pe\u00e7as que decoram o balne\u00e1rio e da est\u00e1tua Ninfa do Lago. H\u00e1 tamb\u00e9m jardins, um lago ornamental e outro lago, de maiores dimens\u00f5es.<\/p>\n<p>As fontes de \u00e1gua mineral s\u00e3o outros destaques, com suas propriedades medicinais e seus pavilh\u00f5es que as tornam \u00fanicas. S\u00e3o elas: Dona Leopoldina; Conde D\u2019eu e Princesa Isabel; Duque de Saxe; Beleza; Dom Pedro; Viotti; Viotti Menor; Ven\u00e2ncio; Mayrink; e Ernestina Guedes.<\/p>\n<p>\u200bO fluxo de visitantes no Parque das \u00c1guas \u00e9 de 120 mil pessoas por ano. A popula\u00e7\u00e3o do munic\u00edpio de Caxambu \u00e9 de aproximadamente 20 mil habitantes.<\/p>\n<p><strong>Balne\u00e1rio<\/strong><\/p>\n<p>Localizado dentro do Parque das \u00c1guas de Caxambu, o Balne\u00e1rio \u00e9 um tradicional centro hidroter\u00e1pico que conta com os mais modernos equipamentos do mercado, al\u00e9m de\u00a0instala\u00e7\u00f5es rec\u00e9m-reformadas.<\/p>\n<p>H\u00e1 mais de 30 servi\u00e7os dispon\u00edveis, que se dividem entre banhos (de imers\u00e3o em \u00e1gua mineral ou o arom\u00e1tico), duchas (como a Vichy, escocesa e a circular), sauna masculina \u00famida e seca, massagens (mediante agendamento), banheiras de Hidromassagem e o banho P\u00e9rola (banheira de hidromassagem que realiza uma relaxante esfolia\u00e7\u00e3o na pele, atrav\u00e9s de jatos de ar).<\/p>\n<p>No Balne\u00e1rio, tamb\u00e9m \u00e9 poss\u00edvel realizar tratamentos faciais, depila\u00e7\u00e3o corporal e facial, terapias hol\u00edsticas e tratamentos de medicina tradicional chinesa, dando ao espa\u00e7o a caracter\u00edstica de um grande spa termal.<\/p>\n<p>Fonte: Ag\u00eancia Minas<\/p>\n","protected":false},"excerpt":{"rendered":"<p>A\u00a0Companhia de Desenvolvimento de Minas Gerais (Codemge)\u00a0est\u00e1 com consulta p\u00fablica aberta, at\u00e9 28\/4, para concess\u00e3o do Parque das \u00c1guas de Caxambu. O objetivo \u00e9 que investidores, entidades da sociedade civil, turistas e popula\u00e7\u00e3o em geral contribuam com as defini\u00e7\u00f5es do edital que ser\u00e1 elaborado para concess\u00e3o do empreendimento. Os interessados em participar dessa consulta devem [&hellip;]<\/p>\n","protected":false},"author":246,"featured_media":196101,"comment_status":"closed","ping_status":"closed","sticky":false,"template":"","format":"standard","meta":{"footnotes":""},"categories":[436,254,439],"tags":[],"class_list":["post-196100","post","type-post","status-publish","format-standard","has-post-thumbnail","hentry","category-destaque-da-semana","category-politica","category-ultima-hora"],"_links":{"self":[{"href":"https:\/\/diarioregionaldigital.com.br\/index.php?rest_route=\/wp\/v2\/posts\/196100","targetHints":{"allow":["GET"]}}],"collection":[{"href":"https:\/\/diarioregionaldigital.com.br\/index.php?rest_route=\/wp\/v2\/posts"}],"about":[{"href":"https:\/\/diarioregionaldigital.com.br\/index.php?rest_route=\/wp\/v2\/types\/post"}],"author":[{"embeddable":true,"href":"https:\/\/diarioregionaldigital.com.br\/index.php?rest_route=\/wp\/v2\/users\/246"}],"replies":[{"embeddable":true,"href":"https:\/\/diarioregionaldigital.com.br\/index.php?rest_route=%2Fwp%2Fv2%2Fcomments&post=196100"}],"version-history":[{"count":1,"href":"https:\/\/diarioregionaldigital.com.br\/index.php?rest_route=\/wp\/v2\/posts\/196100\/revisions"}],"predecessor-version":[{"id":196102,"href":"https:\/\/diarioregionaldigital.com.br\/index.php?rest_route=\/wp\/v2\/posts\/196100\/revisions\/196102"}],"wp:featuredmedia":[{"embeddable":true,"href":"https:\/\/diarioregionaldigital.com.br\/index.php?rest_route=\/wp\/v2\/media\/196101"}],"wp:attachment":[{"href":"https:\/\/diarioregionaldigital.com.br\/index.php?rest_route=%2Fwp%2Fv2%2Fmedia&parent=196100"}],"wp:term":[{"taxonomy":"category","embeddable":true,"href":"https:\/\/diarioregionaldigital.com.br\/index.php?rest_route=%2Fwp%2Fv2%2Fcategories&post=196100"},{"taxonomy":"post_tag","embeddable":true,"href":"https:\/\/diarioregionaldigital.com.br\/index.php?rest_route=%2Fwp%2Fv2%2Ftags&post=196100"}],"curies":[{"name":"wp","href":"https:\/\/api.w.org\/{rel}","templated":true}]}}