{"id":196097,"date":"2022-03-14T18:16:07","date_gmt":"2022-03-14T21:16:07","guid":{"rendered":"https:\/\/diarioregionaldigital.com.br\/?p=196097"},"modified":"2022-03-14T18:21:05","modified_gmt":"2022-03-14T21:21:05","slug":"unimontes-orienta-sobre-protocolo-sanitario-para-o-retorno-das-aulas-presenciais","status":"publish","type":"post","link":"https:\/\/diarioregionaldigital.com.br\/?p=196097","title":{"rendered":"Unimontes orienta sobre protocolo sanit\u00e1rio para o retorno das aulas presenciais"},"content":{"rendered":"<p>A\u00a0<a href=\"http:\/\/www.unimontes.br\/\" target=\"_blank\" rel=\"noopener\">Universidade Estadual de Montes Claros (Unimontes)<\/a>\u00a0inicia, na segunda-feira (14\/3), o primeiro semestre letivo de 2022, com o retorno das aulas presenciais. O Comit\u00ea Gestor &#8211; institu\u00eddo por decis\u00e3o colegiada pelo Conselho Universit\u00e1rio (Consu) da Unimontes\u00a0para as situa\u00e7\u00f5es relacionadas \u00e0\u00a0pandemia de\u00a0covid-19,\u00a0estabeleceu os crit\u00e9rios para a volta segura das atividades.<\/p>\n<p><strong>Crit\u00e9rios<\/strong><\/p>\n<p>Na universidade, ser\u00e3o seguidas as diretrizes do protocolo sanit\u00e1rio de retorno \u00e0s atividades elaborado pelo Conselho de Ensino, Pesquisa e Extens\u00e3o (CEPEx) e, subsidiariamente, aquele implantado pela\u00a0<a href=\"http:\/\/www.educacao.mg.gov.br\/\" target=\"_blank\" rel=\"noopener\">Secretaria de Estado de Educa\u00e7\u00e3o (SEE\/MG)<\/a>.<\/p>\n<p>Estas normativas foram elaboradas pelo CEPEx e pela\u00a0<a href=\"http:\/\/www.saude.mg.gov.br\/\" target=\"_blank\" rel=\"noopener\">Secretaria de Estado de Sa\u00fade (SES-MG)<\/a>, considerando pontos como\u00a0a queda do n\u00edvel de transmiss\u00e3o da covid-19;\u00a0aumento da cobertura vacinal; cobertura de imuniza\u00e7\u00e3o na faixa et\u00e1ria da popula\u00e7\u00e3o mais jovem;\u00a0dentre outros descritos no protocolo estadual.<\/p>\n<p><strong>Na pr\u00e1tica<\/strong><\/p>\n<p>Al\u00e9m da necessidade do uso de m\u00e1scaras cobrindo boca e nariz, todos os pr\u00e9dios contar\u00e3o com os suportes com \u00e1lcool em gel 70% para a higieniza\u00e7\u00e3o permanente. Fica mantida a recomenda\u00e7\u00e3o de se evitar as aglomera\u00e7\u00f5es, abertura de portas e janelas dos ambientes e lavar as m\u00e3os com sab\u00e3o constantemente.<\/p>\n<p>Quanto ao uso do Restaurante Universit\u00e1rio, a utiliza\u00e7\u00e3o das mesas estar\u00e1 restrita a quatro pessoas.<\/p>\n<p>\u201cRefor\u00e7amos a toda a comunidade acad\u00eamica a necessidade de seguir todos os procedimentos educativos e de seguran\u00e7a a respeito do retorno presencial seguro\u201d, pontua o professor Marcos Antonio Ferreira, presidente do Comit\u00ea Gestor.<\/p>\n<p><strong>Casos especiais<\/strong><\/p>\n<p>Caso algum estudante apresente sintomas gripais ou mesmo resultado positivo em diagn\u00f3stico para covid-19, a recomenda\u00e7\u00e3o \u00e9 para n\u00e3o comparecer aos espa\u00e7os de aula e se comunicar com a coordena\u00e7\u00e3o do curso por e-mail. Para estes casos, fica resguardado o tratamento para a continuidade das atividades acad\u00eamicas em regime especial.<\/p>\n<p><span style=\"font-weight: 400;\">Fonte: Ag\u00eancia Minas <\/span><\/p>\n","protected":false},"excerpt":{"rendered":"<p>A\u00a0Universidade Estadual de Montes Claros (Unimontes)\u00a0inicia, na segunda-feira (14\/3), o primeiro semestre letivo de 2022, com o retorno das aulas presenciais. O Comit\u00ea Gestor &#8211; institu\u00eddo por decis\u00e3o colegiada pelo Conselho Universit\u00e1rio (Consu) da Unimontes\u00a0para as situa\u00e7\u00f5es relacionadas \u00e0\u00a0pandemia de\u00a0covid-19,\u00a0estabeleceu os crit\u00e9rios para a volta segura das atividades. Crit\u00e9rios Na universidade, ser\u00e3o seguidas as diretrizes [&hellip;]<\/p>\n","protected":false},"author":246,"featured_media":196098,"comment_status":"closed","ping_status":"closed","sticky":false,"template":"","format":"standard","meta":{"footnotes":""},"categories":[436,254,439],"tags":[],"class_list":["post-196097","post","type-post","status-publish","format-standard","has-post-thumbnail","hentry","category-destaque-da-semana","category-politica","category-ultima-hora"],"_links":{"self":[{"href":"https:\/\/diarioregionaldigital.com.br\/index.php?rest_route=\/wp\/v2\/posts\/196097","targetHints":{"allow":["GET"]}}],"collection":[{"href":"https:\/\/diarioregionaldigital.com.br\/index.php?rest_route=\/wp\/v2\/posts"}],"about":[{"href":"https:\/\/diarioregionaldigital.com.br\/index.php?rest_route=\/wp\/v2\/types\/post"}],"author":[{"embeddable":true,"href":"https:\/\/diarioregionaldigital.com.br\/index.php?rest_route=\/wp\/v2\/users\/246"}],"replies":[{"embeddable":true,"href":"https:\/\/diarioregionaldigital.com.br\/index.php?rest_route=%2Fwp%2Fv2%2Fcomments&post=196097"}],"version-history":[{"count":2,"href":"https:\/\/diarioregionaldigital.com.br\/index.php?rest_route=\/wp\/v2\/posts\/196097\/revisions"}],"predecessor-version":[{"id":196105,"href":"https:\/\/diarioregionaldigital.com.br\/index.php?rest_route=\/wp\/v2\/posts\/196097\/revisions\/196105"}],"wp:featuredmedia":[{"embeddable":true,"href":"https:\/\/diarioregionaldigital.com.br\/index.php?rest_route=\/wp\/v2\/media\/196098"}],"wp:attachment":[{"href":"https:\/\/diarioregionaldigital.com.br\/index.php?rest_route=%2Fwp%2Fv2%2Fmedia&parent=196097"}],"wp:term":[{"taxonomy":"category","embeddable":true,"href":"https:\/\/diarioregionaldigital.com.br\/index.php?rest_route=%2Fwp%2Fv2%2Fcategories&post=196097"},{"taxonomy":"post_tag","embeddable":true,"href":"https:\/\/diarioregionaldigital.com.br\/index.php?rest_route=%2Fwp%2Fv2%2Ftags&post=196097"}],"curies":[{"name":"wp","href":"https:\/\/api.w.org\/{rel}","templated":true}]}}