{"id":196083,"date":"2022-03-14T17:54:42","date_gmt":"2022-03-14T20:54:42","guid":{"rendered":"https:\/\/diarioregionaldigital.com.br\/?p=196083"},"modified":"2022-03-14T17:54:42","modified_gmt":"2022-03-14T20:54:42","slug":"indice-de-confianca-do-empresario-industrial-cai-04-ponto","status":"publish","type":"post","link":"https:\/\/diarioregionaldigital.com.br\/?p=196083","title":{"rendered":"\u00cdndice de Confian\u00e7a do Empres\u00e1rio Industrial cai 0,4 ponto"},"content":{"rendered":"<p>O \u00cdndice de Confian\u00e7a do Empres\u00e1rio Industrial (ICEI) caiu 0,4 ponto em mar\u00e7o deste ano na compara\u00e7\u00e3o com fevereiro, informou hoje (14) a Confedera\u00e7\u00e3o Nacional da Ind\u00fastria (CNI). A queda ocorre ap\u00f3s o \u00edndice ficar praticamente est\u00e1vel em janeiro. Com o recuo, ele passou de 55,8 pontos em fevereiro para 55,4 pontos no m\u00eas seguinte.<img decoding=\"async\" src=\"https:\/\/agenciabrasil.ebc.com.br\/ebc.png?id=1448088&amp;o=node\" \/><img decoding=\"async\" src=\"https:\/\/agenciabrasil.ebc.com.br\/ebc.gif?id=1448088&amp;o=node\" \/><\/p>\n<p>O ICEI \u00e9 a m\u00e9dia de dois componentes: \u00edndice de Condi\u00e7\u00f5es Atuais e o \u00edndice de Expectativas, que busca avaliar o cen\u00e1rio do empresariado nos pr\u00f3ximos seis meses.<\/p>\n<p>O \u00edndice varia de 0 a 100 pontos. Valores acima de 50 pontos indicam confian\u00e7a do setor de ind\u00fastria, e quanto mais acima de 50 pontos, maior e mais disseminada \u00e9 a confian\u00e7a do empresariado. Quanto mais pr\u00f3ximo de zero, menor a confian\u00e7a.<\/p>\n<h2>Confian\u00e7a<\/h2>\n<p>Segundo a CNI, o resultado para mar\u00e7o demonstra leve recuo da confian\u00e7a em rela\u00e7\u00e3o a fevereiro. &#8220;Apesar da queda, a ind\u00fastria segue confiante em mar\u00e7o de 2022, pois segue acima da linha divis\u00f3ria dos 50 pontos, que separa a confian\u00e7a da falta de confian\u00e7a&#8221;, disse a entidade.<\/p>\n<p>A CNI informou, ainda, que o principal fator para a manuten\u00e7\u00e3o da percep\u00e7\u00e3o de confian\u00e7a ficou com o \u00cdndice de Expectativas que caiu 0,6 ponto em mar\u00e7o, indo para 58,6 pontos. O percentual, de acordo com a confedera\u00e7\u00e3o, indica, para os pr\u00f3ximos seis meses, expectativas um pouco mais fracas e menos disseminadas que em fevereiro.<\/p>\n<p>J\u00e1 o \u00cdndice de Condi\u00e7\u00f5es Atuais caiu 0,2 ponto por conta de uma piora na percep\u00e7\u00e3o das condi\u00e7\u00f5es atuais das pr\u00f3prias empresas por parte dos empres\u00e1rios, recuando de 50,6 pontos para 49,7 pontos, o que fica abaixo da linha de 50 pontos.<\/p>\n<p>Fonte: Ag\u00eancia Brasil<\/p>\n","protected":false},"excerpt":{"rendered":"<p>O \u00cdndice de Confian\u00e7a do Empres\u00e1rio Industrial (ICEI) caiu 0,4 ponto em mar\u00e7o deste ano na compara\u00e7\u00e3o com fevereiro, informou hoje (14) a Confedera\u00e7\u00e3o Nacional da Ind\u00fastria (CNI). A queda ocorre ap\u00f3s o \u00edndice ficar praticamente est\u00e1vel em janeiro. Com o recuo, ele passou de 55,8 pontos em fevereiro para 55,4 pontos no m\u00eas seguinte. [&hellip;]<\/p>\n","protected":false},"author":246,"featured_media":196084,"comment_status":"closed","ping_status":"closed","sticky":false,"template":"","format":"standard","meta":{"footnotes":""},"categories":[436,261,439],"tags":[],"class_list":["post-196083","post","type-post","status-publish","format-standard","has-post-thumbnail","hentry","category-destaque-da-semana","category-economia","category-ultima-hora"],"_links":{"self":[{"href":"https:\/\/diarioregionaldigital.com.br\/index.php?rest_route=\/wp\/v2\/posts\/196083","targetHints":{"allow":["GET"]}}],"collection":[{"href":"https:\/\/diarioregionaldigital.com.br\/index.php?rest_route=\/wp\/v2\/posts"}],"about":[{"href":"https:\/\/diarioregionaldigital.com.br\/index.php?rest_route=\/wp\/v2\/types\/post"}],"author":[{"embeddable":true,"href":"https:\/\/diarioregionaldigital.com.br\/index.php?rest_route=\/wp\/v2\/users\/246"}],"replies":[{"embeddable":true,"href":"https:\/\/diarioregionaldigital.com.br\/index.php?rest_route=%2Fwp%2Fv2%2Fcomments&post=196083"}],"version-history":[{"count":2,"href":"https:\/\/diarioregionaldigital.com.br\/index.php?rest_route=\/wp\/v2\/posts\/196083\/revisions"}],"predecessor-version":[{"id":196087,"href":"https:\/\/diarioregionaldigital.com.br\/index.php?rest_route=\/wp\/v2\/posts\/196083\/revisions\/196087"}],"wp:featuredmedia":[{"embeddable":true,"href":"https:\/\/diarioregionaldigital.com.br\/index.php?rest_route=\/wp\/v2\/media\/196084"}],"wp:attachment":[{"href":"https:\/\/diarioregionaldigital.com.br\/index.php?rest_route=%2Fwp%2Fv2%2Fmedia&parent=196083"}],"wp:term":[{"taxonomy":"category","embeddable":true,"href":"https:\/\/diarioregionaldigital.com.br\/index.php?rest_route=%2Fwp%2Fv2%2Fcategories&post=196083"},{"taxonomy":"post_tag","embeddable":true,"href":"https:\/\/diarioregionaldigital.com.br\/index.php?rest_route=%2Fwp%2Fv2%2Ftags&post=196083"}],"curies":[{"name":"wp","href":"https:\/\/api.w.org\/{rel}","templated":true}]}}