{"id":196060,"date":"2022-03-11T17:51:02","date_gmt":"2022-03-11T20:51:02","guid":{"rendered":"https:\/\/diarioregionaldigital.com.br\/?p=196060"},"modified":"2022-03-11T17:51:02","modified_gmt":"2022-03-11T20:51:02","slug":"profissionais-das-ubss-recebem-capacitacao-para-utilizacao-de-prontuario-eletronico","status":"publish","type":"post","link":"https:\/\/diarioregionaldigital.com.br\/?p=196060","title":{"rendered":"Profissionais das UBSs recebem capacita\u00e7\u00e3o para utiliza\u00e7\u00e3o de prontu\u00e1rio eletr\u00f4nico"},"content":{"rendered":"<p>Segundo informa\u00e7\u00f5es do site da Prefeitura de Juiz de Fora, nesta sexta-feira, 11, a Secretaria de Sa\u00fade (SS), da Prefeitura de Juiz de Fora (PJF), realizou a capacita\u00e7\u00e3o de profissionais das Unidades B\u00e1sicas de Sa\u00fade (UBSs) para come\u00e7ar a utilizar o Prontu\u00e1rio Eletr\u00f4nico nas unidades rec\u00e9m-informatizadas. O treinamento tem o objetivo de preparar os servidores da sa\u00fade para o manuseio do Sistema de Informa\u00e7\u00e3o em Sa\u00fade.<br \/>\nA capacita\u00e7\u00e3o foi realizada na sala de treinamentos da antiga sede da SS. Durante o per\u00edodo da manh\u00e3, agentes comunit\u00e1rios de sa\u00fade participaram do treinamento, j\u00e1 \u00e0 tarde, foi realizada para enfermeiros e m\u00e9dicos.\u00a0 A enfermeira Maria Clara, da UBS Santa Cec\u00edlia comentou sobre a import\u00e2ncia deste treinamento. \u201cO novo sistema na aten\u00e7\u00e3o prim\u00e1ria \u00e0 sa\u00fade \u00e9 um avan\u00e7o para todas as equipes e para o atendimento melhor aos usu\u00e1rios. Permite uma assist\u00eancia mais r\u00e1pida e com dados concretos para facilitar o atendimento m\u00e9dico aos usu\u00e1rios.\u201d A enfermeira destaca ainda que este sistema de informa\u00e7\u00e3o permite o acompanhamento de perto da sa\u00fade do paciente.<br \/>\nO treinamento foi realizado pela Supervisora de Gest\u00e3o da Informa\u00e7\u00e3o da Aten\u00e7\u00e3o B\u00e1sica, Livia Braga Kapel, e pela Supervisora de Educa\u00e7\u00e3o Permanente e Integra\u00e7\u00e3o Ensino Servi\u00e7o em Sa\u00fade, Glenda Aquino. A atividade foi realizada pela Subsecretaria de Aten\u00e7\u00e3o \u00e0 Sa\u00fade (SSAS), o projeto visa criar uma rede estruturada de comunica\u00e7\u00e3o e dados entre as UBSs. Atualmente, 36 unidades j\u00e1 contam com o servi\u00e7o na cidade, correspondendo a 58%.<br \/>\nDurante a manh\u00e3, participaram do treinamento agentes comunit\u00e1rios de sa\u00fade das UBSs Igrejinha, Monte Verde, Humait\u00e1 e Santa Cec\u00edlia. Pela tarde, enfermeiras e m\u00e9dicos das Unidades Furtado de Menezes, Santa Cec\u00edlia e Igrejinha realizaram a capacita\u00e7\u00e3o.<\/p>\n","protected":false},"excerpt":{"rendered":"<p>Segundo informa\u00e7\u00f5es do site da Prefeitura de Juiz de Fora, nesta sexta-feira, 11, a Secretaria de Sa\u00fade (SS), da Prefeitura de Juiz de Fora (PJF), realizou a capacita\u00e7\u00e3o de profissionais das Unidades B\u00e1sicas de Sa\u00fade (UBSs) para come\u00e7ar a utilizar o Prontu\u00e1rio Eletr\u00f4nico nas unidades rec\u00e9m-informatizadas. O treinamento tem o objetivo de preparar os servidores [&hellip;]<\/p>\n","protected":false},"author":246,"featured_media":196061,"comment_status":"closed","ping_status":"closed","sticky":false,"template":"","format":"standard","meta":{"footnotes":""},"categories":[253,436,439],"tags":[],"class_list":["post-196060","post","type-post","status-publish","format-standard","has-post-thumbnail","hentry","category-cidade","category-destaque-da-semana","category-ultima-hora"],"_links":{"self":[{"href":"https:\/\/diarioregionaldigital.com.br\/index.php?rest_route=\/wp\/v2\/posts\/196060","targetHints":{"allow":["GET"]}}],"collection":[{"href":"https:\/\/diarioregionaldigital.com.br\/index.php?rest_route=\/wp\/v2\/posts"}],"about":[{"href":"https:\/\/diarioregionaldigital.com.br\/index.php?rest_route=\/wp\/v2\/types\/post"}],"author":[{"embeddable":true,"href":"https:\/\/diarioregionaldigital.com.br\/index.php?rest_route=\/wp\/v2\/users\/246"}],"replies":[{"embeddable":true,"href":"https:\/\/diarioregionaldigital.com.br\/index.php?rest_route=%2Fwp%2Fv2%2Fcomments&post=196060"}],"version-history":[{"count":1,"href":"https:\/\/diarioregionaldigital.com.br\/index.php?rest_route=\/wp\/v2\/posts\/196060\/revisions"}],"predecessor-version":[{"id":196062,"href":"https:\/\/diarioregionaldigital.com.br\/index.php?rest_route=\/wp\/v2\/posts\/196060\/revisions\/196062"}],"wp:featuredmedia":[{"embeddable":true,"href":"https:\/\/diarioregionaldigital.com.br\/index.php?rest_route=\/wp\/v2\/media\/196061"}],"wp:attachment":[{"href":"https:\/\/diarioregionaldigital.com.br\/index.php?rest_route=%2Fwp%2Fv2%2Fmedia&parent=196060"}],"wp:term":[{"taxonomy":"category","embeddable":true,"href":"https:\/\/diarioregionaldigital.com.br\/index.php?rest_route=%2Fwp%2Fv2%2Fcategories&post=196060"},{"taxonomy":"post_tag","embeddable":true,"href":"https:\/\/diarioregionaldigital.com.br\/index.php?rest_route=%2Fwp%2Fv2%2Ftags&post=196060"}],"curies":[{"name":"wp","href":"https:\/\/api.w.org\/{rel}","templated":true}]}}