{"id":196057,"date":"2022-03-11T17:48:51","date_gmt":"2022-03-11T20:48:51","guid":{"rendered":"https:\/\/diarioregionaldigital.com.br\/?p=196057"},"modified":"2022-03-11T17:48:51","modified_gmt":"2022-03-11T20:48:51","slug":"sas-alerta-familias-para-atualizacao-do-cadunico-para-evitar-perda-de-beneficios","status":"publish","type":"post","link":"https:\/\/diarioregionaldigital.com.br\/?p=196057","title":{"rendered":"SAS alerta fam\u00edlias para atualiza\u00e7\u00e3o do Cad\u00danico para evitar perda de benef\u00edcios"},"content":{"rendered":"<p>Segundo informa\u00e7\u00f5es do site da Prefeitura de Juiz de Fora, a Secretaria de Assist\u00eancia Social (SAS) come\u00e7a na pr\u00f3xima semana a mobiliza\u00e7\u00e3o junto ao p\u00fablico beneficiado pelos programas de transfer\u00eancia de renda para atualiza\u00e7\u00e3o do Cadastro \u00danico. Cerca de 17 mil fam\u00edlias precisam atualizar o seu cadastro no Centro de Refer\u00eancia de Assist\u00eancia Social (Cras) mais pr\u00f3ximo do seu bairro para continuarem a ter acesso aos benef\u00edcios e servi\u00e7os dos programas sociais do Minist\u00e9rio da Cidadania como: Tarifa Social de Energia El\u00e9trica, Benef\u00edcio de Presta\u00e7\u00e3o Continuada (BPC), Programa Aux\u00edlio Brasil (antigo Programa Bolsa Fam\u00edlia), entre outros.<br \/>\nA campanha da SAS visa garantir a continuidade de repasse de recursos do Governo Federal para esses benefici\u00e1rios que s\u00e3o as fam\u00edlias. Elas s\u00e3o respons\u00e1veis pela contrapartida de renovar, periodicamente, o seu Cad\u00danico, dando conta ao Estado de seus compromissos ou as condicionalidades que abrangem tr\u00eas \u00e1reas.<br \/>\nNa Assist\u00eancia Social, o compromisso \u00e9 n\u00e3o deixar seu cadastro desatualizado. Por isso, compare\u00e7a ao Cras de sua regi\u00e3o para atualizar o seu Cadastro \u00danico. Na Educa\u00e7\u00e3o, o compromisso \u00e9 com a frequ\u00eancia escolar das crian\u00e7as de 4 e 5 anos (educa\u00e7\u00e3o infantil) e das crian\u00e7as, adolescentes e jovens com idade entre 6 e 21 anos. Se necess\u00e1rio, n\u00e3o esque\u00e7a de justificar a aus\u00eancia das crian\u00e7as, adolescentes e jovens junto \u00e0 escola e comunicar ao Cras e \u00e0 Secretaria de Educa\u00e7\u00e3o (SE) quando houver mudan\u00e7a de escola. Na Sa\u00fade, o compromisso \u00e9 levar as crian\u00e7as menores de 7 anos, para o acompanhamento nutricional (medi\u00e7\u00e3o de peso e altura) e estar em dia com a vacina\u00e7\u00e3o. Para as gestantes, \u00e9 obrigat\u00f3rio o pr\u00e9-natal.<br \/>\nAs fam\u00edlias precisam estar em dia com os documentos que s\u00e3o necess\u00e1rios apresentar: Cart\u00e3o de recebimento do benef\u00edcio;\u00a0N\u00famero de Identifica\u00e7\u00e3o Social\u00a0(NIS) do titular do benef\u00edcio; e Carteira de vacina\u00e7\u00e3o, caso tenha crian\u00e7as a serem vacinadas. Por isso, a SAS sugere que as pessoas em desacordo com essas condicionalidades procurem a Unidade B\u00e1sica de Sa\u00fade (UBS) mais pr\u00f3xima de sua casa e do seu bairro.<br \/>\n<strong>Cadastro \u00danico<\/strong><br \/>\nO Cadastro \u00danico, conhecido como Cad\u00danico, \u00e9 a porta de entrada para os programas sociais do Governo Federal em parceria com os munic\u00edpios brasileiros. \u00c9 usado como instrumento de diagn\u00f3stico de vulnerabilidade social em Juiz de Fora, possibilitando o entendimento das necessidades da popula\u00e7\u00e3o de baixa renda. Ao realizar o cadastro o cidad\u00e3o passa a obter o N\u00famero de Identifica\u00e7\u00e3o Social (NIS) e ter acesso aos benef\u00edcios e aos servi\u00e7os dos programas sociais.<br \/>\nA import\u00e2ncia de manter o Cad\u00danico atualizado significa que os repasses de verba desses programas n\u00e3o sofram processo de continuidade e nem as fam\u00edlias inscritas percam o benef\u00edcio. Em Juiz de Fora, cerca de 17, 5 mil fam\u00edlias em situa\u00e7\u00e3o de pobreza e extrema pobreza recebem o benef\u00edcio mensal do Aux\u00edlio Brasil. O recadastramento anual dessas fam\u00edlias e a meta de manter as condicionalidades no patamar exigidas pelo Minist\u00e9rio da Cidadania s\u00e3o obrigat\u00f3rios e requerem esfor\u00e7o das prefeituras em alertar as fam\u00edlias para que essas contrapartidas estejam em dia.<br \/>\nAs contrapartidas das fam\u00edlias pobres e de extrema pobreza para receberem os benef\u00edcios s\u00e3o as condicionalidades que se traduzem numa tabela com informa\u00e7\u00f5es das crian\u00e7as e dos adolescentes de 4 a 17 anos que dever\u00e3o ter a frequ\u00eancia escolar verificada, informa\u00e7\u00f5es das crian\u00e7as de 0 a 6 anos que dever\u00e3o ter o calend\u00e1rio vacinal, o peso e a altura acompanhados, al\u00e9m de dados das mulheres em idade f\u00e9rtil para identifica\u00e7\u00e3o das gestantes e acompanhamento do pr\u00e9-natal.<br \/>\nPeriodicamente, o Minist\u00e9rio da Cidadania gera uma base de dados com o p\u00fablico para acompanhamento das condicionalidades. Para que Juiz de Fora continue tendo um perfil de Educa\u00e7\u00e3o, Sa\u00fade e Assist\u00eancia Social, \u00edndices respons\u00e1veis pelo montante de recursos federais para transfer\u00eancia de renda, \u00e9 fundamental manter o Cad\u00danico atualizado. \u00c9 a forma que as fam\u00edlias vulnerabilizadas t\u00eam de garantir a continuidade de recebimento de seus benef\u00edcios, sem nenhum tipo de preju\u00edzo, de ter o benef\u00edcio bloqueado ou cortado.<br \/>\nSegundo a subsecret\u00e1ria de\u00a0Vigil\u00e2ncia e Monitoramento de Assist\u00eancia Social, Meirijane Teodoro, quando a fam\u00edlia mant\u00e9m atualizado o seu endere\u00e7o, o seu comprovante de renda, assim como o n\u00famero de pessoas que comp\u00f5em seu grupo familiar; quando mant\u00e9m e garante o registro da frequ\u00eancia escolar de seus filhos, o registro da vacina\u00e7\u00e3o e peso das crian\u00e7as, o pr\u00e9-natal das mulheres gr\u00e1vidas, ao fim e ao cabo essa fam\u00edlia est\u00e1 exercendo seu direito a assist\u00eancia social, a sa\u00fade e a educa\u00e7\u00e3o concomitantemente.<\/p>\n<p>&nbsp;<\/p>\n<p><strong>Localiza\u00e7\u00e3o dos Cras<\/strong><\/p>\n<p>&nbsp;<\/p>\n<p>CRAS Centro: Rua Halfeld, 450\/4\u00ba andar &#8211; Centro &#8211; 3690-7952 e 3960-7071<\/p>\n<p>CRAS Leste Linhares: Rua Diva Garcia, s\/n\u00ba &#8211; Linhares &#8211; 3690-3657<\/p>\n<p>CRAS Leste Vitorino Braga: Pra\u00e7a Senador Teot\u00f4nio Vilela, s\/n\u00ba &#8211; Vitorino Braga &#8211; 3690-8640<\/p>\n<p>CRAS Nordeste Grama: Pra\u00e7a \u00c1ureo Gomes Carneiro, s\/n\u00ba &#8211; Grama &#8211; 3690-8620<\/p>\n<p>CRAS Norte Barbosa Lage: Av. Marginal, n\u00ba 50 &#8211; Barbosa Lage &#8211; 3690-7179<\/p>\n<p>CRAS Norte Benfica: Av. Presidente Juscelino Kubitschek, 5.899 &#8211; Benfica (Pra\u00e7a CEU) &#8211; 3690-8677<\/p>\n<p>CRAS Norte Santa Cruz: Rua Maria Geny Barbosa, 50 &#8211; Santa Cruz &#8211; 3690-7823<\/p>\n<p>CRAS Oeste S\u00e3o Pedro: Rua Sady Monteiro Boechat, 185 \u2013 S\u00e3o Pedro &#8211; 3690-7404<\/p>\n<p>CRAS Sudeste Costa Carvalho: Rua Costa Carvalho, 7 &#8211; Costa Carvalho &#8211; 3690-7726<\/p>\n<p>CRAS Sudeste Olavo Costa: Rua Jacinto Marcelino, 25 &#8211; Olavo Costa (N\u00facleo Travessias) &#8211; 3690-7236<\/p>\n<p>CRAS Sul Ipiranga: Rua Bady Geara, 552 \u2013 Ipiranga &#8211; 3690-8538<\/p>\n","protected":false},"excerpt":{"rendered":"<p>Segundo informa\u00e7\u00f5es do site da Prefeitura de Juiz de Fora, a Secretaria de Assist\u00eancia Social (SAS) come\u00e7a na pr\u00f3xima semana a mobiliza\u00e7\u00e3o junto ao p\u00fablico beneficiado pelos programas de transfer\u00eancia de renda para atualiza\u00e7\u00e3o do Cadastro \u00danico. Cerca de 17 mil fam\u00edlias precisam atualizar o seu cadastro no Centro de Refer\u00eancia de Assist\u00eancia Social (Cras) [&hellip;]<\/p>\n","protected":false},"author":246,"featured_media":196058,"comment_status":"closed","ping_status":"closed","sticky":false,"template":"","format":"standard","meta":{"footnotes":""},"categories":[253,436,439],"tags":[],"class_list":["post-196057","post","type-post","status-publish","format-standard","has-post-thumbnail","hentry","category-cidade","category-destaque-da-semana","category-ultima-hora"],"_links":{"self":[{"href":"https:\/\/diarioregionaldigital.com.br\/index.php?rest_route=\/wp\/v2\/posts\/196057","targetHints":{"allow":["GET"]}}],"collection":[{"href":"https:\/\/diarioregionaldigital.com.br\/index.php?rest_route=\/wp\/v2\/posts"}],"about":[{"href":"https:\/\/diarioregionaldigital.com.br\/index.php?rest_route=\/wp\/v2\/types\/post"}],"author":[{"embeddable":true,"href":"https:\/\/diarioregionaldigital.com.br\/index.php?rest_route=\/wp\/v2\/users\/246"}],"replies":[{"embeddable":true,"href":"https:\/\/diarioregionaldigital.com.br\/index.php?rest_route=%2Fwp%2Fv2%2Fcomments&post=196057"}],"version-history":[{"count":1,"href":"https:\/\/diarioregionaldigital.com.br\/index.php?rest_route=\/wp\/v2\/posts\/196057\/revisions"}],"predecessor-version":[{"id":196059,"href":"https:\/\/diarioregionaldigital.com.br\/index.php?rest_route=\/wp\/v2\/posts\/196057\/revisions\/196059"}],"wp:featuredmedia":[{"embeddable":true,"href":"https:\/\/diarioregionaldigital.com.br\/index.php?rest_route=\/wp\/v2\/media\/196058"}],"wp:attachment":[{"href":"https:\/\/diarioregionaldigital.com.br\/index.php?rest_route=%2Fwp%2Fv2%2Fmedia&parent=196057"}],"wp:term":[{"taxonomy":"category","embeddable":true,"href":"https:\/\/diarioregionaldigital.com.br\/index.php?rest_route=%2Fwp%2Fv2%2Fcategories&post=196057"},{"taxonomy":"post_tag","embeddable":true,"href":"https:\/\/diarioregionaldigital.com.br\/index.php?rest_route=%2Fwp%2Fv2%2Ftags&post=196057"}],"curies":[{"name":"wp","href":"https:\/\/api.w.org\/{rel}","templated":true}]}}