{"id":196054,"date":"2022-03-11T17:44:39","date_gmt":"2022-03-11T20:44:39","guid":{"rendered":"https:\/\/diarioregionaldigital.com.br\/?p=196054"},"modified":"2022-03-11T17:44:39","modified_gmt":"2022-03-11T20:44:39","slug":"mais-de-meio-milhao-de-pessoas-ja-receberam-a-primeira-dose-contra-a-covid-19-em-juiz-de-fora","status":"publish","type":"post","link":"https:\/\/diarioregionaldigital.com.br\/?p=196054","title":{"rendered":"Mais de meio milh\u00e3o de pessoas j\u00e1 receberam a primeira dose contra a Covid-19 em Juiz de Fora"},"content":{"rendered":"<p>Segundo informa\u00e7\u00f5es do site da Prefeitura de Juiz de Fora, a Secretaria de Sa\u00fade (SS) da Prefeitura de Juiz de Fora (PJF) j\u00e1 aplicou mais de meio milh\u00e3o de vacinas de primeira dose contra a Covid-19 no munic\u00edpio. A marca foi alcan\u00e7ada nesta sexta-feira, 11, e celebra um importante passo no combate ao coronav\u00edrus e \u00e0 pandemia.<br \/>\nPara o secret\u00e1rio de sa\u00fade, Ivan Chebli, \u00e9 um momento de destacar e valorizar os servidores da secretaria de sa\u00fade, que est\u00e3o trabalhando diariamente para vacinar a popula\u00e7\u00e3o. \u201cMeio milh\u00e3o de pessoas vacinadas com ao menos uma dose, e em um tempo recorde, \u00e9 fruto do trabalho das pessoas que fazem o SUS e se dedicam a levar a sa\u00fade para todos e todas\u201d, afirma. Ainda foram aplicadas, at\u00e9 quinta-feira, 10, 446.198 vacinas de segunda dose e 235.526 doses de refor\u00e7o. No total, a SS j\u00e1 aplicou mais de 1.181.680 doses.<br \/>\nA campanha de vacina\u00e7\u00e3o continua nesta segunda-feira, 14. A aplica\u00e7\u00e3o de vacinas come\u00e7a nas UBSs, de 8h \u00e0s 10h30 para as crian\u00e7as, e de 13h \u00e0s 16h, para os adultos. O Sport Club vacina crian\u00e7as e adultos ao mesmo tempo, de 10h \u00e0s 19h, e as Unidades de Benfica, Milho Branco e Nossa Senhora das Gra\u00e7as vacinam, de 17h \u00e0s 19h, tamb\u00e9m adultos e crian\u00e7as.<br \/>\nA SS destaca a import\u00e2ncia do recebimento da vacina de refor\u00e7o e pede para que todos aqueles que receberam a 2\u00aa dose h\u00e1 pelo menos quatro meses procurem um posto de vacina\u00e7\u00e3o para aumentar sua prote\u00e7\u00e3o contra o v\u00edrus.<br \/>\nAs segundas doses dos imunizantes AstraZeneca, Coronavac, Janssen e Pfizer, al\u00e9m das vacinas de refor\u00e7o, s\u00e3o disponibilizadas de forma cont\u00ednua. A 2\u00aa dose da Janssen \u00e9 destinada a todas as pessoas que\u00a0<strong>receberam a primeira dose desse imunizante h\u00e1 dois meses ou antes.<\/strong>\u00a0J\u00e1 o intervalo entre 1\u00aa e 2\u00aa aplica\u00e7\u00e3o da AstraZeneca \u00e9 de oito semanas; da Coronavac \u00e9 de 28 dias; e da Pfizer, de 21 dias. O intervalo da 2\u00aa dose para a aplica\u00e7\u00e3o da vacina de refor\u00e7o \u00e9 de quatro meses.<br \/>\nO DSI, local em que a imuniza\u00e7\u00e3o \u00e9 exclusiva para o p\u00fablico de 60 anos ou mais, aplica das 8h \u00e0s 11h. A lista com todos os endere\u00e7os e hor\u00e1rios de funcionamento dos locais de vacina\u00e7\u00e3o destinados a cada um dos p\u00fablicos est\u00e1 dispon\u00edvel no fim deste texto.<br \/>\n<strong>Segundas doses (adultos)<\/strong><\/p>\n<p><strong>AstraZeneca\u00a0<\/strong>&#8211; A aplica\u00e7\u00e3o da segunda dose de AstraZeneca segue a data descrita no cart\u00e3o de vacina. Portanto, recebem a D2 todos aqueles com retorno agendado para o dia 14 de mar\u00e7o ou data anterior. O Sport Club, das 10h \u00e0s 19h, aplica esses imunizantes.<\/p>\n<p><strong>\u00a0Coronavac\u00a0<\/strong>&#8211; A aplica\u00e7\u00e3o da segunda dose do imunizante Coronavac segue a data descrita no cart\u00e3o de vacina. Nesta segunda, recebem a D2 todos aqueles com retorno agendado para o dia 14 de mar\u00e7o ou data anterior, exclusivamente no Sport Club das 10h \u00e0s 19h.<\/p>\n<p><strong>Janssen\u00a0<\/strong>&#8211; As segundas doses do imunizante Janssen s\u00e3o destinadas \u00e0s pessoas que receberam a primeira dose desta vacina no dia 14 de janeiro, ou seja, dois meses ap\u00f3s a vacina de dose \u00fanica. A aplica\u00e7\u00e3o ocorre no Sport Club das 10h \u00e0s 19h.<\/p>\n<p><strong>Pfizer\u00a0<\/strong>&#8211; Quem recebeu a primeira dose da Pfizer no dia 21 de fevereiro ou antes pode procurar um dos postos de imuniza\u00e7\u00e3o para receber a segunda. As UBSs, das 13h \u00e0s 16h, e o Sport Club das 10h \u00e0s 19h, aplicam a vacina da Pfizer. As tr\u00eas UBSs, Benfica, Milho Branco e Nossa Senhora das Gra\u00e7as, tamb\u00e9m aplicam de 17h \u00e0s 19h.<\/p>\n<p>&nbsp;<\/p>\n<p><strong>Doses de refor\u00e7o (adultos)<\/strong><\/p>\n<p>As doses de refor\u00e7o s\u00e3o destinadas \u00e0s pessoas a partir de 18 anos que receberam a segunda h\u00e1 quatro meses ou mais e s\u00e3o aplicadas nas UBSs e no Sport Club.<strong>\u00a0<\/strong>Os imunossuprimidos, que receberam a D2 h\u00e1 pelo menos 28 dias, tamb\u00e9m devem receber a dose de refor\u00e7o, e a quarta dose deve ser aplicada para este p\u00fablico quatro meses ap\u00f3s a D3. Este p\u00fablico pode ser vacinado no Sport Club e nas unidades de sa\u00fade.<strong>\u00a0<\/strong>Os idosos a partir de 60 anos, que v\u00e3o receber primeira, segunda dose ou vacina de refor\u00e7o, al\u00e9m destes locais, podem ser vacinados no DSI, exclusivamente para esse p\u00fablico, das 8h \u00e0s 11h.<\/p>\n<p><strong>Aqueles que forem receber a primeira dose da vacina devem apresentar originais e c\u00f3pias de documento de identifica\u00e7\u00e3o com foto (como documento de identidade (RG) ou carteira de motorista) e o CPF, caso o n\u00famero do mesmo n\u00e3o conste na identidade, al\u00e9m da ficha de vacina\u00e7\u00e3o impressa e preenchida. Os pr\u00e9-adolescentes e adolescentes que n\u00e3o tiverem o documento de identidade, podem apresentar a certid\u00e3o de nascimento.\u00a0<\/strong><\/p>\n<p>As pessoas que v\u00e3o receber a D2 ou a dose de refor\u00e7o precisam apresentar apenas a ficha de vacina\u00e7\u00e3o, o cart\u00e3o de vacina e um documento de identifica\u00e7\u00e3o com foto, enquanto os imunossuprimidos, al\u00e9m destes documentos, devem apresentar um laudo ou atestado m\u00e9dico datado de, no m\u00e1ximo, 12 meses, comprovando a condi\u00e7\u00e3o. Este p\u00fablico pode buscar pela dose de refor\u00e7o a partir de 28 dias do recebimento da 2\u00aa dose. N\u00e3o \u00e9 necess\u00e1ria a apresenta\u00e7\u00e3o de comprovante de resid\u00eancia.<\/p>\n<p><strong>Refor\u00e7amos o pedido para todos que v\u00e3o ser vacinados levarem, impressa e preenchida, a Ficha de Vacina\u00e7\u00e3o, cujo modelo est\u00e1 dispon\u00edvel no site da PJF, isso facilita no momento da triagem e agiliza o processo de vacina\u00e7\u00e3o.<\/strong><\/p>\n<p>&nbsp;<\/p>\n<p><strong>Para as crian\u00e7as<\/strong><\/p>\n<p>As crian\u00e7as com 5 anos ou mais que n\u00e3o receberam a primeira dose contra o coronav\u00edrus podem ir at\u00e9 o Sport Club Juiz de Fora, das 10h \u00e0s 19h, ou em uma das UBSs, de 8h \u00e0s 10h30, al\u00e9m das unidades de Benfica, Milho Branco e Nossa Senhora das Gra\u00e7as, de 17h \u00e0s 19h.\u00a0 O Sport Club aplica as segundas doses diariamente.<\/p>\n<p><strong>O intervalo entre a primeira e segunda aplica\u00e7\u00e3o da Covid-19, inicialmente, ser\u00e1 de oito semanas, com a Pfizer, e de 28 dias com a Coronovac. A SS refor\u00e7a o pedido para os pais\/respons\u00e1veis levarem impresso a ficha de vacina\u00e7\u00e3o, que est\u00e1 dispon\u00edvel no site da PJF.<\/strong><\/p>\n<p>Seguindo recomenda\u00e7\u00f5es dos \u00f3rg\u00e3os competentes, as crian\u00e7as que forem se vacinar contra a Covid-19 n\u00e3o podem ter recebido outra vacina nos \u00faltimos 15 dias e n\u00e3o dever\u00e3o receber outro imunizante nos 15 dias posteriores ao recebimento da primeira dose da vacina Pfizer infantil contra o coronav\u00edrus.\u00a0 Al\u00e9m disso, \u00e9 necess\u00e1rio que a crian\u00e7a fique de 5 a 20 minutos no local ap\u00f3s a vacina\u00e7\u00e3o, para ser observado casos de poss\u00edveis rea\u00e7\u00f5es.<\/p>\n<p><strong>Pedimos aos pais e respons\u00e1veis que levem, impressa e preenchida, a Ficha de Vacina\u00e7\u00e3o das crian\u00e7as, cujo modelo est\u00e1 dispon\u00edvel no site da PJF, isso facilita no momento da triagem e agiliza o processo de vacina\u00e7\u00e3o.<\/strong><\/p>\n<p>&nbsp;<\/p>\n<p><strong>Confira o calend\u00e1rio de vacina\u00e7\u00e3o contra a Covid-19 de segunda-feira, 14 de mar\u00e7o:<\/strong><\/p>\n<p>&nbsp;<\/p>\n<p><strong>Primeiras doses de todas as crian\u00e7as entre 5 e 11 anos\u00a0<\/strong><\/p>\n<p>&nbsp;<\/p>\n<p>UBSs de 8h \u00e0s 10h30; Sport Club, de 10h \u00e0s 19h e 3 UBSs de 17h \u00e0s 19h<\/p>\n<p>&nbsp;<\/p>\n<p><strong>Primeiras doses de todas as pessoas com 12 anos ou mais<\/strong><\/p>\n<p>&nbsp;<\/p>\n<p>Sport Club, das 10h \u00e0s 19h; UBSs, de 13h \u00e0s 16h; e 3 UBSs de 17h \u00e0s 19h<\/p>\n<p>&nbsp;<\/p>\n<p><strong>Vacina\u00e7\u00e3o de refor\u00e7o para idosos com 60 anos ou mais que receberam a segunda dose h\u00e1 4 meses (14 de novembro) ou antes<\/strong><\/p>\n<p>&nbsp;<\/p>\n<p>DSI, de 8h \u00e0s 11h; Sport Club, das 10h \u00e0s 19h; UBSs de 13h \u00e0s 16h; e 3 UBSs de 17h \u00e0s 19h<\/p>\n<p>&nbsp;<\/p>\n<p><strong>Vacina\u00e7\u00e3o de refor\u00e7o para pessoas com 18 anos ou mais que receberam a segunda dose h\u00e1 4 meses (14 de novembro) ou antes<\/strong><\/p>\n<p>&nbsp;<\/p>\n<p>Sport Club, de 10h \u00e0s 19h; UBSs de 13h \u00e0s 16h e 3 UBSs de 17h \u00e0s 19h<\/p>\n<p>&nbsp;<\/p>\n<p><strong>Vacina\u00e7\u00e3o de refor\u00e7o para imunossuprimidos que receberam a segunda dose h\u00e1 pelo menos 28 dias<\/strong><\/p>\n<p>&nbsp;<\/p>\n<p>Sport Club, de 10h \u00e0s 19h; UBSs, de 13h \u00e0s 16h e 3 UBSs de 17h \u00e0s 19h<\/p>\n<p>&nbsp;<\/p>\n<p><strong>Segundas doses de AstraZeneca para as pessoas com retorno no agendado no cart\u00e3o para o dia 14 de mar\u00e7o ou em data anterior<\/strong><\/p>\n<p>&nbsp;<\/p>\n<p>Sport Club, 10h \u00e0s 19h<\/p>\n<p>&nbsp;<\/p>\n<p><strong>Segundas doses de Coronavac para pessoas com retorno agendado no cart\u00e3o no dia 14 de mar\u00e7o ou data anterior<\/strong><\/p>\n<p>&nbsp;<\/p>\n<p>Sport Club, 10h \u00e0s 19h<\/p>\n<p>&nbsp;<\/p>\n<p><strong>Segundas doses de Janssen para todas as pessoas que foram vacinadas no dia 14 de janeiro ou antes<\/strong><\/p>\n<p>&nbsp;<\/p>\n<p>Sport Club, 10h \u00e0s 19h<\/p>\n<p>&nbsp;<\/p>\n<p><strong>Segundas doses de Pfizer para todos que receberam a primeira dose at\u00e9 o dia 21 de fevereiro ou data anterior\u00a0<\/strong><\/p>\n<p>&nbsp;<\/p>\n<p>Sport Club, 10h \u00e0s 19h; UBSs de 13h \u00e0s 16h; e 3 UBSs de 17h \u00e0s 19h<\/p>\n<p>&nbsp;<\/p>\n<p><strong>Endere\u00e7os dos locais de vacina\u00e7\u00e3o<\/strong><\/p>\n<p>&nbsp;<\/p>\n<p><strong>Sport Club Juiz de Fora &#8211; 10h \u00e0s 19h<\/strong><\/p>\n<p>&nbsp;<\/p>\n<p>Av. Bar\u00e3o do Rio Branco, 1303, Centro. A entrada para vacina\u00e7\u00e3o \u00e9 realizada na Av. Brasil.<\/p>\n<p>&nbsp;<\/p>\n<p><strong>Departamento de Sa\u00fade do Idoso (DSI)* &#8211; das 8h \u00e0s 11h<\/strong><\/p>\n<p>&nbsp;<\/p>\n<p>Rua Batista de Oliveira, 943, Granbery.<\/p>\n<p>&nbsp;<\/p>\n<p>*O Departamento de Sa\u00fade do Idoso realiza a vacina\u00e7\u00e3o dos idosos a partir de 60 anos que tenham que receber primeira, segunda dose ou a vacina de refor\u00e7o.<\/p>\n<p>&nbsp;<\/p>\n<p>&nbsp;<\/p>\n<p><strong>UBSs que vacinam\u00a0 crian\u00e7as durante a manh\u00e3, 8h \u00e0s 10h30\u00a0\u00a0<\/strong><\/p>\n<p><strong>\u00a0<\/strong><\/p>\n<p>1. UBS Santa Cec\u00edlia<\/p>\n<p>&nbsp;<\/p>\n<p>2. UBS Industrial<\/p>\n<p>&nbsp;<\/p>\n<p>3. UBS Joquei Clube I<\/p>\n<p>&nbsp;<\/p>\n<p>4. UBS Joquei Clube 2<\/p>\n<p>&nbsp;<\/p>\n<p>5. UBS Centro Sul<\/p>\n<p>&nbsp;<\/p>\n<p>6. UBS Monte Castelo<\/p>\n<p>&nbsp;<\/p>\n<p>7. UBS Dom Bosco<\/p>\n<p>&nbsp;<\/p>\n<p>8. UBS Alto Graja\u00fa<\/p>\n<p>&nbsp;<\/p>\n<p>9. UBS Barreira do Triunfo<\/p>\n<p>&nbsp;<\/p>\n<p>10. UBS Parque Guarani<\/p>\n<p>&nbsp;<\/p>\n<p>11. UBS Vila Esperan\u00e7a<\/p>\n<p>&nbsp;<\/p>\n<p>12. UBS Vale Verde<\/p>\n<p>&nbsp;<\/p>\n<p>13. UBS Santa Rita<\/p>\n<p>&nbsp;<\/p>\n<p>14. UBS S\u00e3o Sebasti\u00e3o<\/p>\n<p>&nbsp;<\/p>\n<p>15. UBS Santo Ant\u00f4nio<\/p>\n<p>&nbsp;<\/p>\n<p>16. UBS Granjas Beth\u00e2nia<\/p>\n<p>&nbsp;<\/p>\n<p>17. UBS Filgueiras<\/p>\n<p>&nbsp;<\/p>\n<p>18. UBS Grama<\/p>\n<p>&nbsp;<\/p>\n<p>19. UBS Esplanada<\/p>\n<p>&nbsp;<\/p>\n<p>20. UBS Ipiranga<\/p>\n<p>&nbsp;<\/p>\n<p>21. UBS Cidade do Sol<\/p>\n<p>&nbsp;<\/p>\n<p>22. UBS Vila Ideal<\/p>\n<p>&nbsp;<\/p>\n<p>23. UBS Jardim da Lua<\/p>\n<p>&nbsp;<\/p>\n<p>24. UBS Santos Dumont<\/p>\n<p>&nbsp;<\/p>\n<p>25. UBS Humait\u00e1<\/p>\n<p>&nbsp;<\/p>\n<p>26. UBS Furtado de Menezes<\/p>\n<p>&nbsp;<\/p>\n<p>27. UBS Bandeirantes<\/p>\n<p>&nbsp;<\/p>\n<p>28. UBS Nossa Senhora das Gra\u00e7as<\/p>\n<p>&nbsp;<\/p>\n<p>29. UBS Nossa Senhora de Lourdes<\/p>\n<p>&nbsp;<\/p>\n<p>30. UBS Nossa Senhora Aparecida<\/p>\n<p>&nbsp;<\/p>\n<p>31. UBS Teixeiras<\/p>\n<p>&nbsp;<\/p>\n<p>32. UBS Milho Branco<\/p>\n<p>&nbsp;<\/p>\n<p>33. UBS Nova Era<\/p>\n<p>&nbsp;<\/p>\n<p>34. S\u00e3o Pedro\/E.M Tancredo Neves<\/p>\n<p>&nbsp;<\/p>\n<p>35. UBS Progresso<\/p>\n<p>&nbsp;<\/p>\n<p>36. UBS Santa Luzia<\/p>\n<p>&nbsp;<\/p>\n<p>37. UBS Linhares<\/p>\n<p>&nbsp;<\/p>\n<p><strong>UBSs que vacinam adultos de 13h \u00e0s 16h:\u00a0<\/strong><\/p>\n<p>&nbsp;<\/p>\n<p>1. UBS Santa Cec\u00edlia<\/p>\n<p>&nbsp;<\/p>\n<p>2. UBS Industrial<\/p>\n<p>&nbsp;<\/p>\n<p>3. UBS Joquei Clube I<\/p>\n<p>&nbsp;<\/p>\n<p>4. UBS Joquei Clube 2<\/p>\n<p>&nbsp;<\/p>\n<p>5. UBS Centro Sul<\/p>\n<p>&nbsp;<\/p>\n<p>6. UBS Monte Castelo<\/p>\n<p>&nbsp;<\/p>\n<p>7. UBS Dom Bosco<\/p>\n<p>&nbsp;<\/p>\n<p>8. UBS Santa Cruz<\/p>\n<p>&nbsp;<\/p>\n<p>9. UBS Alto Graja\u00fa<\/p>\n<p>&nbsp;<\/p>\n<p>10. UBS Barreira do Triunfo<\/p>\n<p>&nbsp;<\/p>\n<p>11. UBS Parque Guarani<\/p>\n<p>&nbsp;<\/p>\n<p>12. UBS Vila Esperan\u00e7a<\/p>\n<p>&nbsp;<\/p>\n<p>13. UBS Vale Verde<\/p>\n<p>&nbsp;<\/p>\n<p>14. UBS Santa Rita<\/p>\n<p>&nbsp;<\/p>\n<p>15.. UBS S\u00e3o Sebasti\u00e3o<\/p>\n<p>&nbsp;<\/p>\n<p>16. UBS Santo Ant\u00f4nio<\/p>\n<p>&nbsp;<\/p>\n<p>17. UBS Granjas Beth\u00e2nia<\/p>\n<p>&nbsp;<\/p>\n<p>18. UBS Filgueiras<\/p>\n<p>&nbsp;<\/p>\n<p>19. UBS Grama<\/p>\n<p>&nbsp;<\/p>\n<p>20. UBS Esplanada<\/p>\n<p>&nbsp;<\/p>\n<p>21. UBS S\u00e3o Judas Tadeu<\/p>\n<p>&nbsp;<\/p>\n<p>22. Ubs Jardim Esperan\u00e7a<\/p>\n<p>&nbsp;<\/p>\n<p>23. UBS Cidade do Sol<\/p>\n<p>&nbsp;<\/p>\n<p>24. UBS Vila Ideal<\/p>\n<p>&nbsp;<\/p>\n<p>25. UBS Jardim da Lua<\/p>\n<p>&nbsp;<\/p>\n<p>26. UBS Santos Dumont<\/p>\n<p>&nbsp;<\/p>\n<p>27. UBS Humait\u00e1<\/p>\n<p>&nbsp;<\/p>\n<p>28. UBS Furtado de Menezes<\/p>\n<p>&nbsp;<\/p>\n<p>29. UBS Bandeirantes<\/p>\n<p>&nbsp;<\/p>\n<p>30. UBS Nossa Senhora das Gra\u00e7as<\/p>\n<p>&nbsp;<\/p>\n<p>31. UBS Nossa Senhora de Lourdes<\/p>\n<p>&nbsp;<\/p>\n<p>32 UBS Nossa Senhora Aparecida<\/p>\n<p>&nbsp;<\/p>\n<p>33. UBS Teixeiras<\/p>\n<p>&nbsp;<\/p>\n<p>34. UBS Milho Branco<\/p>\n<p>&nbsp;<\/p>\n<p>35. UBS Nova Era<\/p>\n<p>&nbsp;<\/p>\n<p>36. S\u00e3o Pedro\/E. M. Tancredo Neves<\/p>\n<p>&nbsp;<\/p>\n<p>37. UBS Progresso<\/p>\n<p>&nbsp;<\/p>\n<p>38. Santa Luzia<\/p>\n<p>&nbsp;<\/p>\n<p>39. UBS Linhares<\/p>\n<p>&nbsp;<\/p>\n<p><strong>UBSs que vacinam adultos e crian\u00e7as de 17h \u00e0s 19h:\u00a0<\/strong><\/p>\n<p>&nbsp;<\/p>\n<p>1. UBS Benfica<\/p>\n<p>&nbsp;<\/p>\n<p>2. UBS Milho Branco<\/p>\n<p>&nbsp;<\/p>\n<p>3. UBS Nossa Senhora das Gra\u00e7as<\/p>\n","protected":false},"excerpt":{"rendered":"<p>Segundo informa\u00e7\u00f5es do site da Prefeitura de Juiz de Fora, a Secretaria de Sa\u00fade (SS) da Prefeitura de Juiz de Fora (PJF) j\u00e1 aplicou mais de meio milh\u00e3o de vacinas de primeira dose contra a Covid-19 no munic\u00edpio. A marca foi alcan\u00e7ada nesta sexta-feira, 11, e celebra um importante passo no combate ao coronav\u00edrus e [&hellip;]<\/p>\n","protected":false},"author":246,"featured_media":196055,"comment_status":"closed","ping_status":"closed","sticky":false,"template":"","format":"standard","meta":{"footnotes":""},"categories":[253,436,440,439],"tags":[],"class_list":["post-196054","post","type-post","status-publish","format-standard","has-post-thumbnail","hentry","category-cidade","category-destaque-da-semana","category-destaques-do-dia","category-ultima-hora"],"_links":{"self":[{"href":"https:\/\/diarioregionaldigital.com.br\/index.php?rest_route=\/wp\/v2\/posts\/196054","targetHints":{"allow":["GET"]}}],"collection":[{"href":"https:\/\/diarioregionaldigital.com.br\/index.php?rest_route=\/wp\/v2\/posts"}],"about":[{"href":"https:\/\/diarioregionaldigital.com.br\/index.php?rest_route=\/wp\/v2\/types\/post"}],"author":[{"embeddable":true,"href":"https:\/\/diarioregionaldigital.com.br\/index.php?rest_route=\/wp\/v2\/users\/246"}],"replies":[{"embeddable":true,"href":"https:\/\/diarioregionaldigital.com.br\/index.php?rest_route=%2Fwp%2Fv2%2Fcomments&post=196054"}],"version-history":[{"count":1,"href":"https:\/\/diarioregionaldigital.com.br\/index.php?rest_route=\/wp\/v2\/posts\/196054\/revisions"}],"predecessor-version":[{"id":196056,"href":"https:\/\/diarioregionaldigital.com.br\/index.php?rest_route=\/wp\/v2\/posts\/196054\/revisions\/196056"}],"wp:featuredmedia":[{"embeddable":true,"href":"https:\/\/diarioregionaldigital.com.br\/index.php?rest_route=\/wp\/v2\/media\/196055"}],"wp:attachment":[{"href":"https:\/\/diarioregionaldigital.com.br\/index.php?rest_route=%2Fwp%2Fv2%2Fmedia&parent=196054"}],"wp:term":[{"taxonomy":"category","embeddable":true,"href":"https:\/\/diarioregionaldigital.com.br\/index.php?rest_route=%2Fwp%2Fv2%2Fcategories&post=196054"},{"taxonomy":"post_tag","embeddable":true,"href":"https:\/\/diarioregionaldigital.com.br\/index.php?rest_route=%2Fwp%2Fv2%2Ftags&post=196054"}],"curies":[{"name":"wp","href":"https:\/\/api.w.org\/{rel}","templated":true}]}}