{"id":196051,"date":"2022-03-11T17:34:56","date_gmt":"2022-03-11T20:34:56","guid":{"rendered":"https:\/\/diarioregionaldigital.com.br\/?p=196051"},"modified":"2022-03-11T17:34:56","modified_gmt":"2022-03-11T20:34:56","slug":"copa-do-mundo-cbf-define-local-de-treinos-e-hospedagem-da-selecao","status":"publish","type":"post","link":"https:\/\/diarioregionaldigital.com.br\/?p=196051","title":{"rendered":"Copa do Mundo: CBF define local de treinos e hospedagem da sele\u00e7\u00e3o"},"content":{"rendered":"<p>Com a classifica\u00e7\u00e3o garantida para a Copa do Mundo de 2022 (Catar), o Brasil j\u00e1 sabe onde treinar\u00e1 e ficar\u00e1 hospedado durante sua participa\u00e7\u00e3o na competi\u00e7\u00e3o, que ser\u00e1 realizada entre 21 de novembro e 18 de dezembro.<img decoding=\"async\" src=\"https:\/\/agenciabrasil.ebc.com.br\/ebc.png?id=1447551&amp;o=node\" \/><img decoding=\"async\" src=\"https:\/\/agenciabrasil.ebc.com.br\/ebc.gif?id=1447551&amp;o=node\" \/><\/p>\n<p>A Confedera\u00e7\u00e3o Brasileira de Futebol (CBF) informou nesta quinta-feira (10) que a sele\u00e7\u00e3o brasileira usar\u00e1 as instala\u00e7\u00f5es do est\u00e1dio Grand Hamad para realizar seus treinos e do Westin Doha Hotel &amp; Spa para hospedar a equipe.<\/p>\n<p>\u201cNossa primeira visita ao Catar foi ainda em agosto de 2019, com o Luis Vagner [gerente] e o Hamilton Correa [administrador]. Desde ent\u00e3o, n\u00f3s temos avaliado as op\u00e7\u00f5es para encontrar aquela que melhor atendesse a nossa demanda. Fizemos mais tr\u00eas vistorias in loco ao longo dos \u00faltimos anos. Essa proatividade e planejamento foram fundamentais. Agora que est\u00e1 tudo confirmado e pudemos anunciar oficialmente a nossa casa, temos a confian\u00e7a de que nossas instala\u00e7\u00f5es estar\u00e3o \u00e0 altura da sele\u00e7\u00e3o brasileira\u201d, declarou o coordenador da sele\u00e7\u00e3o brasileira, o ex-jogador Juninho Paulista.<\/p>\n<p>O est\u00e1dio Grand Hamad \u00e9 a casa do Al Arabi. Ser\u00e1 nestas instala\u00e7\u00f5es que a sele\u00e7\u00e3o brasileira realizar\u00e1 seus treinos. Segundo a CBF, o local conta com gramado e vesti\u00e1rios de n\u00edvel internacional, al\u00e9m de arquibancada e instala\u00e7\u00f5es preparadas para receber a imprensa mundial. \u201cO espa\u00e7o ainda ser\u00e1 complementado com uma academia de ponta, sala para entrevistas coletivas, centro de m\u00eddia e tamb\u00e9m um espa\u00e7o de conviv\u00eancia para os jogadores convocados receberem seus familiares\u201d, diz a entidade.<\/p>\n<p>Fonte: Ag\u00eancia Brasil<\/p>\n","protected":false},"excerpt":{"rendered":"<p>Com a classifica\u00e7\u00e3o garantida para a Copa do Mundo de 2022 (Catar), o Brasil j\u00e1 sabe onde treinar\u00e1 e ficar\u00e1 hospedado durante sua participa\u00e7\u00e3o na competi\u00e7\u00e3o, que ser\u00e1 realizada entre 21 de novembro e 18 de dezembro. A Confedera\u00e7\u00e3o Brasileira de Futebol (CBF) informou nesta quinta-feira (10) que a sele\u00e7\u00e3o brasileira usar\u00e1 as instala\u00e7\u00f5es do [&hellip;]<\/p>\n","protected":false},"author":246,"featured_media":196052,"comment_status":"closed","ping_status":"closed","sticky":false,"template":"","format":"standard","meta":{"footnotes":""},"categories":[436,257,439],"tags":[],"class_list":["post-196051","post","type-post","status-publish","format-standard","has-post-thumbnail","hentry","category-destaque-da-semana","category-esporte","category-ultima-hora"],"_links":{"self":[{"href":"https:\/\/diarioregionaldigital.com.br\/index.php?rest_route=\/wp\/v2\/posts\/196051","targetHints":{"allow":["GET"]}}],"collection":[{"href":"https:\/\/diarioregionaldigital.com.br\/index.php?rest_route=\/wp\/v2\/posts"}],"about":[{"href":"https:\/\/diarioregionaldigital.com.br\/index.php?rest_route=\/wp\/v2\/types\/post"}],"author":[{"embeddable":true,"href":"https:\/\/diarioregionaldigital.com.br\/index.php?rest_route=\/wp\/v2\/users\/246"}],"replies":[{"embeddable":true,"href":"https:\/\/diarioregionaldigital.com.br\/index.php?rest_route=%2Fwp%2Fv2%2Fcomments&post=196051"}],"version-history":[{"count":1,"href":"https:\/\/diarioregionaldigital.com.br\/index.php?rest_route=\/wp\/v2\/posts\/196051\/revisions"}],"predecessor-version":[{"id":196053,"href":"https:\/\/diarioregionaldigital.com.br\/index.php?rest_route=\/wp\/v2\/posts\/196051\/revisions\/196053"}],"wp:featuredmedia":[{"embeddable":true,"href":"https:\/\/diarioregionaldigital.com.br\/index.php?rest_route=\/wp\/v2\/media\/196052"}],"wp:attachment":[{"href":"https:\/\/diarioregionaldigital.com.br\/index.php?rest_route=%2Fwp%2Fv2%2Fmedia&parent=196051"}],"wp:term":[{"taxonomy":"category","embeddable":true,"href":"https:\/\/diarioregionaldigital.com.br\/index.php?rest_route=%2Fwp%2Fv2%2Fcategories&post=196051"},{"taxonomy":"post_tag","embeddable":true,"href":"https:\/\/diarioregionaldigital.com.br\/index.php?rest_route=%2Fwp%2Fv2%2Ftags&post=196051"}],"curies":[{"name":"wp","href":"https:\/\/api.w.org\/{rel}","templated":true}]}}