{"id":196040,"date":"2022-03-11T17:12:00","date_gmt":"2022-03-11T20:12:00","guid":{"rendered":"https:\/\/diarioregionaldigital.com.br\/?p=196040"},"modified":"2022-03-11T17:12:00","modified_gmt":"2022-03-11T20:12:00","slug":"com-novidade-tite-convoca-selecao-para-reta-final-das-eliminatorias","status":"publish","type":"post","link":"https:\/\/diarioregionaldigital.com.br\/?p=196040","title":{"rendered":"Com novidade, Tite convoca sele\u00e7\u00e3o para reta final das Eliminat\u00f3rias"},"content":{"rendered":"<p>O t\u00e9cnico Tite convocou, nesta sexta-feira (11), a sele\u00e7\u00e3o brasileira para as \u00faltimas rodadas das Eliminat\u00f3rias Sul-Americanas para a Copa do Mundo do Catar. Os jogos ser\u00e3o contra Chile e Bol\u00edvia. O atacante Gabriel Martinelli, do Arsenal (Inglaterra), \u00e9 a principal novidade da lista, que re\u00fane 25 jogadores.<img decoding=\"async\" src=\"https:\/\/agenciabrasil.ebc.com.br\/ebc.png?id=1447693&amp;o=node\" \/><img decoding=\"async\" src=\"https:\/\/agenciabrasil.ebc.com.br\/ebc.gif?id=1447693&amp;o=node\" \/><\/p>\n<p>O jovem de 20 anos, revelado pelo Ituano e vendido ao futebol ingl\u00eas em 2018, pelo equivalente a R$ 30 milh\u00f5es, foi chamado pela primeira vez \u00e0 sele\u00e7\u00e3o principal. No ano passado, ele foi campe\u00e3o ol\u00edmpico nos Jogos de T\u00f3quio (Jap\u00e3o). O atacante foi eleito o melhor jogador do Arsenal nos dois \u00faltimos meses, em pr\u00eamio decidido por meio de enquete no site oficial do clube. O brasileiro foi titular em oito dos nove jogos da equipe em 2022.<\/p>\n<p>Al\u00e9m de Martinelli, a convoca\u00e7\u00e3o tem cinco caras novas em rela\u00e7\u00e3o \u00e0 de janeiro, para os jogos com Equador e Paraguai. Retornam os laterais Danilo e Guilherme Arana, o meia Arthur (que n\u00e3o era chamado h\u00e1 mais de um ano) e os atacantes Richarlison e Neymar. Este \u00faltimo perdeu as primeiras partidas do ano devido a uma les\u00e3o no tornozelo esquerdo. Os laterais Emerson Royal e Alex Sandro, o volante Gerson, o meia Everton Ribeiro e os atacantes Gabriel Jesus, Gabriel Barbosa e Matheus Cunha s\u00e3o as aus\u00eancias na compara\u00e7\u00e3o com a lista anterior.<\/p>\n<p>O duelo contra os chilenos ser\u00e1 no Maracan\u00e3, no Rio de Janeiro, \u00e0s 20h30 (hor\u00e1rio de Bras\u00edlia) do pr\u00f3ximo dia 24 de mar\u00e7o. Cinco dias depois, no mesmo hor\u00e1rio, os brasileiros visitam os bolivianos no est\u00e1dio Hernando Siles, na capital La Paz.<\/p>\n<p>Invicto, o Brasil lidera as eliminat\u00f3rias sul-americanas com 39 pontos, quatro \u00e0\u00a0frente da Argentina, segunda colocada. As duas sele\u00e7\u00f5es, inclusive, ainda precisam fazer o segundo jogo entre elas, que teve de ser suspenso, em setembro do ano passado, ap\u00f3s agentes da Ag\u00eancia Nacional de Vigil\u00e2ncia Sanit\u00e1ria (Anvisa) interromperem a partida na Neo Qu\u00edmica Arena, em S\u00e3o Paulo. Como n\u00e3o ter\u00e1 impacto na situa\u00e7\u00e3o das equipes, que est\u00e3o classificadas para a Copa, o confronto deve ocorrer em junho.<\/p>\n<h2>Os convocados<\/h2>\n<p><strong>Goleiros<\/strong>: Alisson (Liverpool-ING), Ederson (Manchester City-ING) e Weverton (Palmeiras).<\/p>\n<p><strong>Laterais<\/strong>: Dani Alves (Barcelona-ESP), Danilo (Juventus-ITA), Alex Telles (Manchester United-ING) e Guilherme Arana (Atl\u00e9tico-MG).<\/p>\n<p><strong>Zagueiros<\/strong>: Eder Milit\u00e3o (Real Madrid-ESP), Gabriel Magalh\u00e3es (Arsenal-ING), Marquinhos (Paris Saint-Germain-FRA) e Thiago Silva (Chelsea-ING).<\/p>\n<p><strong>Meias<\/strong>: Arthur (Juventus-ITA), Bruno Guimar\u00e3es (Newcastle United-ING), Casemiro (Real Madrid-ESP), Fabinho (Liverpool-ING), Fred (Manchester United-ING), Lucas Paquet\u00e1 (Lyon-FRA) e Phillipe Coutinho (Aston Villa-ING).<\/p>\n<p><strong>Atacantes<\/strong>: Antony (Ajax-HOL), Gabriel Martinelli (Arsenal-ING), Neymar (Paris Saint-Germain-FRA), Raphinha (Leeds United-ING), Richarlison (Everton-ING), Rodrygo e Vin\u00edcius J\u00fanior (ambos Real Madrid-ESP).<\/p>\n<p>Fonte: Ag\u00eancia Brasil<\/p>\n","protected":false},"excerpt":{"rendered":"<p>O t\u00e9cnico Tite convocou, nesta sexta-feira (11), a sele\u00e7\u00e3o brasileira para as \u00faltimas rodadas das Eliminat\u00f3rias Sul-Americanas para a Copa do Mundo do Catar. Os jogos ser\u00e3o contra Chile e Bol\u00edvia. O atacante Gabriel Martinelli, do Arsenal (Inglaterra), \u00e9 a principal novidade da lista, que re\u00fane 25 jogadores. O jovem de 20 anos, revelado pelo [&hellip;]<\/p>\n","protected":false},"author":246,"featured_media":196041,"comment_status":"closed","ping_status":"closed","sticky":false,"template":"","format":"standard","meta":{"footnotes":""},"categories":[436,440,257,439],"tags":[],"class_list":["post-196040","post","type-post","status-publish","format-standard","has-post-thumbnail","hentry","category-destaque-da-semana","category-destaques-do-dia","category-esporte","category-ultima-hora"],"_links":{"self":[{"href":"https:\/\/diarioregionaldigital.com.br\/index.php?rest_route=\/wp\/v2\/posts\/196040","targetHints":{"allow":["GET"]}}],"collection":[{"href":"https:\/\/diarioregionaldigital.com.br\/index.php?rest_route=\/wp\/v2\/posts"}],"about":[{"href":"https:\/\/diarioregionaldigital.com.br\/index.php?rest_route=\/wp\/v2\/types\/post"}],"author":[{"embeddable":true,"href":"https:\/\/diarioregionaldigital.com.br\/index.php?rest_route=\/wp\/v2\/users\/246"}],"replies":[{"embeddable":true,"href":"https:\/\/diarioregionaldigital.com.br\/index.php?rest_route=%2Fwp%2Fv2%2Fcomments&post=196040"}],"version-history":[{"count":2,"href":"https:\/\/diarioregionaldigital.com.br\/index.php?rest_route=\/wp\/v2\/posts\/196040\/revisions"}],"predecessor-version":[{"id":196043,"href":"https:\/\/diarioregionaldigital.com.br\/index.php?rest_route=\/wp\/v2\/posts\/196040\/revisions\/196043"}],"wp:featuredmedia":[{"embeddable":true,"href":"https:\/\/diarioregionaldigital.com.br\/index.php?rest_route=\/wp\/v2\/media\/196041"}],"wp:attachment":[{"href":"https:\/\/diarioregionaldigital.com.br\/index.php?rest_route=%2Fwp%2Fv2%2Fmedia&parent=196040"}],"wp:term":[{"taxonomy":"category","embeddable":true,"href":"https:\/\/diarioregionaldigital.com.br\/index.php?rest_route=%2Fwp%2Fv2%2Fcategories&post=196040"},{"taxonomy":"post_tag","embeddable":true,"href":"https:\/\/diarioregionaldigital.com.br\/index.php?rest_route=%2Fwp%2Fv2%2Ftags&post=196040"}],"curies":[{"name":"wp","href":"https:\/\/api.w.org\/{rel}","templated":true}]}}