{"id":196036,"date":"2022-03-11T16:48:17","date_gmt":"2022-03-11T19:48:17","guid":{"rendered":"https:\/\/diarioregionaldigital.com.br\/?p=196036"},"modified":"2022-03-11T16:48:17","modified_gmt":"2022-03-11T19:48:17","slug":"estado-entrega-63-mil-microchips-para-identificacao-de-caes-e-gatos","status":"publish","type":"post","link":"https:\/\/diarioregionaldigital.com.br\/?p=196036","title":{"rendered":"Estado entrega 63 mil microchips para identifica\u00e7\u00e3o de c\u00e3es e gatos"},"content":{"rendered":"<p>O\u00a0<a href=\"http:\/\/www.mg.gov.br\/\" target=\"_blank\" rel=\"noopener\">Governo de Minas<\/a>\u00a0aderiu, nesta sexta-feira (11\/3), ao termo de coopera\u00e7\u00e3o t\u00e9cnica do programa \u201cConhe\u00e7a Seu Amigo\u201d, que realizar\u00e1 a microchipagem de c\u00e3es e gatos em situa\u00e7\u00e3o de rua, sob tutela de ONGs ou pertencentes \u00e0 popula\u00e7\u00e3o de baixa renda. O governador Romeu Zema e a secret\u00e1ria de Estado de\u00a0<a href=\"http:\/\/www.meioambiente.mg.gov.br\/\" target=\"_blank\" rel=\"noopener\">Meio Ambiente e Desenvolvimento Sustent\u00e1vel<\/a>, Mar\u00edlia Melo, participaram do evento de in\u00edcio do programa, realizado na Cidade Administrativa.<\/p>\n<p>Mais de 63 mil microchips e leitores de identifica\u00e7\u00e3o ser\u00e3o entregues para mais de 70 munic\u00edpios contemplados. Al\u00e9m disso, o Estado assinou termo de coopera\u00e7\u00e3o com outras 70 prefeituras para aplica\u00e7\u00e3o do projeto \u201cJovens Mineiros Sustent\u00e1veis\u201d em escolas municipais, com a\u00e7\u00f5es de capacita\u00e7\u00e3o e conscientiza\u00e7\u00e3o de estudantes.<\/p>\n<p>O governador Romeu Zema ressaltou a import\u00e2ncia da causa, al\u00e9m de avan\u00e7os do Estado nessa quest\u00e3o.<\/p>\n<p>\u201cHoje estamos dando mais um importante passo. A causa animal deve ser abra\u00e7ada pelo poder p\u00fablico e, tamb\u00e9m, pela sociedade civil. Deixo meus parab\u00e9ns aos prefeitos, volunt\u00e1rios e \u00e0queles que lutam e defendem os bichos de maus tratos\u201d, disse o governador.<\/p>\n<p>Tamb\u00e9m estiveram presentes representantes do Minist\u00e9rio P\u00fablico de Minas Gerais (MPMG) e das cidades beneficiadas, e outras autoridades.<\/p>\n<p><strong>Conhe\u00e7a seu Amigo<\/strong><\/p>\n<p>As a\u00e7\u00f5es s\u00e3o frutos de editais lan\u00e7ados em dezembro de 2021. O programa \u201cConhe\u00e7a seu Amigo\u201d, por exemplo, envolve a doa\u00e7\u00e3o, por parte do Estado, de microchips e leitores para identifica\u00e7\u00e3o de c\u00e3es e gatos para serem utilizados em animais de rua ou pertencentes \u00e0 popula\u00e7\u00e3o de baixa renda, e tamb\u00e9m nos animais sob a tutela de Organiza\u00e7\u00f5es da Sociedade Civil (OSCs) e lares tempor\u00e1rios.<\/p>\n<p>Ser\u00e3o disponibilizados microchips em n\u00famero equivalente a 10% da popula\u00e7\u00e3o total de c\u00e3es e gatos, conforme estimativa populacional feita pelo Minist\u00e9rio da Sa\u00fade dispon\u00edvel para consulta na Infraestrutura de Dados Espaciais (IDE-Sisema).<\/p>\n<p>Como contrapartida, os munic\u00edpios dever\u00e3o promover a castra\u00e7\u00e3o dos animais microchipados e inserir os dados de cada indiv\u00edduo no Banco de Dados do Estado, conforme formato estabelecido pela\u00a0<a href=\"http:\/\/www.meioambiente.mg.gov.br\/\" target=\"_blank\" rel=\"noopener\">Secretaria de Estado de Meio Ambiente e Desenvolvimento Sustent\u00e1vel (Semad)<\/a>. Ao todo, 63 mil microchips e 74 leitores de identifica\u00e7\u00e3o ser\u00e3o entregues aos 74 munic\u00edpios selecionados no programa.<\/p>\n<p>\u201cReestruturamos a \u00e1rea de fauna dom\u00e9stica e educa\u00e7\u00e3o ambiental, retomando pol\u00edticas p\u00fablicas t\u00e3o importantes no Estado\u201d, destacou a secret\u00e1ria de Meio Ambiente, Mar\u00edlia Melo.<\/p>\n<p>\u201cTivemos muitos abandonos de animais dom\u00e9sticos durante a pandemia. E, para fazer pol\u00edtica p\u00fablica, \u00e9 preciso conhecer esses animais, rastrear e acompanhar. Por isso, esses microchips entregues s\u00e3o t\u00e3o importantes. A causa da fauna dom\u00e9stica n\u00e3o \u00e9 s\u00f3 uma quest\u00e3o ambiental e de sa\u00fade p\u00fablica; ela mobiliza tanto que passa a ser uma quest\u00e3o afetiva. As pessoas t\u00eam amor por esses animais\u201d, completou a secret\u00e1ria.<\/p>\n<p><main class=\"clear margin-md-bottom-3\"><\/p>\n<div class=\"clear \">\n<p><strong>Problemas da fauna dom\u00e9stica<\/strong><\/p>\n<p>O abandono de animais e a exist\u00eancia de c\u00e3es e gatos sem dono s\u00e3o dois dos principais problemas enfrentados quando o assunto \u00e9 a fauna dom\u00e9stica. Mas, com a microchipagem, o munic\u00edpio, ao localizar algum desses animais na rua, poder\u00e1 usar o leitor do microchip para identificar a condi\u00e7\u00e3o do cachorro ou gato encontrado. Ser\u00e1 poss\u00edvel, por exemplo, verificar se o animal possui um tutor e, caso positivo, ele ser\u00e1 acionado para buscar o pet.<\/p>\n<p>Outro benef\u00edcio da implanta\u00e7\u00e3o da microchipagem \u00e9 o combate ao abandono de animais, que \u00e9 crime, com pena de deten\u00e7\u00e3o de at\u00e9 cinco anos, conforme diz a Lei Federal n\u00ba 14.064\/20. Pol\u00edticas p\u00fablicas para animais tamb\u00e9m podem ser mais bem elaboradas com o instrumento, como a cria\u00e7\u00e3o de locais para abrigar animais, aperfei\u00e7oamento das campanhas de vacina\u00e7\u00e3o, programas de castra\u00e7\u00e3o, entre outros.<\/p>\n<p>Em outubro de 2021, a Semad e o MPMG\u00a0assinaram um aditivo do Termo de Ajustamento de Conduta (TAC) com a empresa Extrativa Mineral Ltda., que garantiu a doa\u00e7\u00e3o de 50 mil microchips e dez leitores de identifica\u00e7\u00e3o. Tamb\u00e9m houve investimento de R$ 360 mil por parte do Governo de Minas para a viabiliza\u00e7\u00e3o do programa.<\/p>\n<p><strong>Jovens Mineiros Sustent\u00e1veis<\/strong><\/p>\n<p>O Projeto Jovens Mineiros Sustent\u00e1veis consiste em um conjunto de atividades que visa capacitar multiplicadores, por meio da disponibiliza\u00e7\u00e3o de curso EAD de Educa\u00e7\u00e3o Ambiental.<\/p>\n<p>A iniciativa tamb\u00e9m forma alunos do ensino fundamental nas tem\u00e1ticas de consumo consciente de \u00e1gua e energia, cidadania, gest\u00e3o sustent\u00e1vel de res\u00edduos s\u00f3lidos e educa\u00e7\u00e3o humanit\u00e1ria em bem-estar animal, por meio da presta\u00e7\u00e3o de apoio t\u00e9cnico.<\/p>\n<p>Outro destaque do projeto \u00e9 o acompanhamento mensal das contas de energia e \u00e1gua da resid\u00eancia dos alunos e das escolas, como parte do processo de conscientiza\u00e7\u00e3o.<\/p>\n<p>Os munic\u00edpios selecionados firmar\u00e3o Termo de Coopera\u00e7\u00e3o T\u00e9cnica com a Semad por um per\u00edodo de 12 meses, sem transfer\u00eancia de recursos financeiros entre as partes. Ao todo, sete mil alunos ser\u00e3o contemplados no projeto, que tamb\u00e9m envolver\u00e1 560 professores capacitados, 140 escolas e 70 munic\u00edpios. Ser\u00e3o formadas 280 turmas.<\/p>\n<p>Fonte: Ag\u00eancia Minas<\/p>\n<\/div>\n<p><\/main><\/p>\n","protected":false},"excerpt":{"rendered":"<p>O\u00a0Governo de Minas\u00a0aderiu, nesta sexta-feira (11\/3), ao termo de coopera\u00e7\u00e3o t\u00e9cnica do programa \u201cConhe\u00e7a Seu Amigo\u201d, que realizar\u00e1 a microchipagem de c\u00e3es e gatos em situa\u00e7\u00e3o de rua, sob tutela de ONGs ou pertencentes \u00e0 popula\u00e7\u00e3o de baixa renda. O governador Romeu Zema e a secret\u00e1ria de Estado de\u00a0Meio Ambiente e Desenvolvimento Sustent\u00e1vel, Mar\u00edlia Melo, [&hellip;]<\/p>\n","protected":false},"author":246,"featured_media":196037,"comment_status":"closed","ping_status":"closed","sticky":false,"template":"","format":"standard","meta":{"footnotes":""},"categories":[436,254,439],"tags":[],"class_list":["post-196036","post","type-post","status-publish","format-standard","has-post-thumbnail","hentry","category-destaque-da-semana","category-politica","category-ultima-hora"],"_links":{"self":[{"href":"https:\/\/diarioregionaldigital.com.br\/index.php?rest_route=\/wp\/v2\/posts\/196036","targetHints":{"allow":["GET"]}}],"collection":[{"href":"https:\/\/diarioregionaldigital.com.br\/index.php?rest_route=\/wp\/v2\/posts"}],"about":[{"href":"https:\/\/diarioregionaldigital.com.br\/index.php?rest_route=\/wp\/v2\/types\/post"}],"author":[{"embeddable":true,"href":"https:\/\/diarioregionaldigital.com.br\/index.php?rest_route=\/wp\/v2\/users\/246"}],"replies":[{"embeddable":true,"href":"https:\/\/diarioregionaldigital.com.br\/index.php?rest_route=%2Fwp%2Fv2%2Fcomments&post=196036"}],"version-history":[{"count":1,"href":"https:\/\/diarioregionaldigital.com.br\/index.php?rest_route=\/wp\/v2\/posts\/196036\/revisions"}],"predecessor-version":[{"id":196039,"href":"https:\/\/diarioregionaldigital.com.br\/index.php?rest_route=\/wp\/v2\/posts\/196036\/revisions\/196039"}],"wp:featuredmedia":[{"embeddable":true,"href":"https:\/\/diarioregionaldigital.com.br\/index.php?rest_route=\/wp\/v2\/media\/196037"}],"wp:attachment":[{"href":"https:\/\/diarioregionaldigital.com.br\/index.php?rest_route=%2Fwp%2Fv2%2Fmedia&parent=196036"}],"wp:term":[{"taxonomy":"category","embeddable":true,"href":"https:\/\/diarioregionaldigital.com.br\/index.php?rest_route=%2Fwp%2Fv2%2Fcategories&post=196036"},{"taxonomy":"post_tag","embeddable":true,"href":"https:\/\/diarioregionaldigital.com.br\/index.php?rest_route=%2Fwp%2Fv2%2Ftags&post=196036"}],"curies":[{"name":"wp","href":"https:\/\/api.w.org\/{rel}","templated":true}]}}