{"id":196015,"date":"2022-03-11T15:59:38","date_gmt":"2022-03-11T18:59:38","guid":{"rendered":"https:\/\/diarioregionaldigital.com.br\/?p=196015"},"modified":"2022-03-11T15:59:38","modified_gmt":"2022-03-11T18:59:38","slug":"inflacao-para-familias-de-renda-mais-baixa-sobe-para-1-em-fevereiro","status":"publish","type":"post","link":"https:\/\/diarioregionaldigital.com.br\/?p=196015","title":{"rendered":"Infla\u00e7\u00e3o para fam\u00edlias de renda mais baixa sobe para 1% em fevereiro"},"content":{"rendered":"<p>O \u00cdndice Nacional de Pre\u00e7os ao Consumidor (INPC), que mede a varia\u00e7\u00e3o da cesta de compras de fam\u00edlias com renda de at\u00e9 cinco sal\u00e1rios m\u00ednimos, registrou infla\u00e7\u00e3o de 1% em fevereiro deste ano. A taxa \u00e9 superior \u00e0 observada em janeiro (0,67%) e a maior para um m\u00eas de fevereiro desde 2015 (1,16%).<img decoding=\"async\" src=\"https:\/\/agenciabrasil.ebc.com.br\/ebc.png?id=1447661&amp;o=node\" \/><img decoding=\"async\" src=\"https:\/\/agenciabrasil.ebc.com.br\/ebc.gif?id=1447661&amp;o=node\" \/><\/p>\n<p>Segundo o Instituto Brasileiro de Geografia e Estat\u00edstica (IBGE), a taxa do INPC ficou um pouco abaixo da observada pelo IPCA, que mede a infla\u00e7\u00e3o oficial e que registrou varia\u00e7\u00e3o de 1,01%.<\/p>\n<p>Em 12 meses, o INPC acumula taxa de 10,80%, acima dos 10,54% registrados pelo IPCA.<\/p>\n<p>Em fevereiro, os produtos aliment\u00edcios tiveram infla\u00e7\u00e3o de 1,25%. J\u00e1 os n\u00e3o aliment\u00edcios tiveram alta de pre\u00e7os de 0,92%.<\/p>\n<p>Fonte: Ag\u00eancia Brasil<\/p>\n","protected":false},"excerpt":{"rendered":"<p>O \u00cdndice Nacional de Pre\u00e7os ao Consumidor (INPC), que mede a varia\u00e7\u00e3o da cesta de compras de fam\u00edlias com renda de at\u00e9 cinco sal\u00e1rios m\u00ednimos, registrou infla\u00e7\u00e3o de 1% em fevereiro deste ano. A taxa \u00e9 superior \u00e0 observada em janeiro (0,67%) e a maior para um m\u00eas de fevereiro desde 2015 (1,16%). Segundo o [&hellip;]<\/p>\n","protected":false},"author":246,"featured_media":196016,"comment_status":"closed","ping_status":"closed","sticky":false,"template":"","format":"standard","meta":{"footnotes":""},"categories":[436,261,439],"tags":[],"class_list":["post-196015","post","type-post","status-publish","format-standard","has-post-thumbnail","hentry","category-destaque-da-semana","category-economia","category-ultima-hora"],"_links":{"self":[{"href":"https:\/\/diarioregionaldigital.com.br\/index.php?rest_route=\/wp\/v2\/posts\/196015","targetHints":{"allow":["GET"]}}],"collection":[{"href":"https:\/\/diarioregionaldigital.com.br\/index.php?rest_route=\/wp\/v2\/posts"}],"about":[{"href":"https:\/\/diarioregionaldigital.com.br\/index.php?rest_route=\/wp\/v2\/types\/post"}],"author":[{"embeddable":true,"href":"https:\/\/diarioregionaldigital.com.br\/index.php?rest_route=\/wp\/v2\/users\/246"}],"replies":[{"embeddable":true,"href":"https:\/\/diarioregionaldigital.com.br\/index.php?rest_route=%2Fwp%2Fv2%2Fcomments&post=196015"}],"version-history":[{"count":1,"href":"https:\/\/diarioregionaldigital.com.br\/index.php?rest_route=\/wp\/v2\/posts\/196015\/revisions"}],"predecessor-version":[{"id":196017,"href":"https:\/\/diarioregionaldigital.com.br\/index.php?rest_route=\/wp\/v2\/posts\/196015\/revisions\/196017"}],"wp:featuredmedia":[{"embeddable":true,"href":"https:\/\/diarioregionaldigital.com.br\/index.php?rest_route=\/wp\/v2\/media\/196016"}],"wp:attachment":[{"href":"https:\/\/diarioregionaldigital.com.br\/index.php?rest_route=%2Fwp%2Fv2%2Fmedia&parent=196015"}],"wp:term":[{"taxonomy":"category","embeddable":true,"href":"https:\/\/diarioregionaldigital.com.br\/index.php?rest_route=%2Fwp%2Fv2%2Fcategories&post=196015"},{"taxonomy":"post_tag","embeddable":true,"href":"https:\/\/diarioregionaldigital.com.br\/index.php?rest_route=%2Fwp%2Fv2%2Ftags&post=196015"}],"curies":[{"name":"wp","href":"https:\/\/api.w.org\/{rel}","templated":true}]}}