{"id":196012,"date":"2022-03-11T15:58:06","date_gmt":"2022-03-11T18:58:06","guid":{"rendered":"https:\/\/diarioregionaldigital.com.br\/?p=196012"},"modified":"2022-03-11T15:58:06","modified_gmt":"2022-03-11T18:58:06","slug":"projeto-de-cobranca-unica-de-icms-de-combustivel-aguarda-sancao","status":"publish","type":"post","link":"https:\/\/diarioregionaldigital.com.br\/?p=196012","title":{"rendered":"Projeto de cobran\u00e7a \u00fanica de ICMS de combust\u00edvel aguarda san\u00e7\u00e3o"},"content":{"rendered":"<p>O Projeto de Lei Complementar (PLP) 11\/20 que prev\u00ea a incid\u00eancia do Imposto sobre Circula\u00e7\u00e3o de Mercadorias e Servi\u00e7os (ICMS) uma \u00fanica vez sobre os combust\u00edveis, inclusive os importados, aguarda san\u00e7\u00e3o do presidente\u00a0Jair Bolsonaro. O texto, aprovado na madrugada desta\u00a0sexta-feira (11)\u00a0na C\u00e2mara dos Deputados, prev\u00ea que a cobran\u00e7a se dar\u00e1 com base em uma al\u00edquota fixa por volume comercializado e \u00fanica em todo o pa\u00eds.<img decoding=\"async\" src=\"https:\/\/agenciabrasil.ebc.com.br\/ebc.png?id=1447664&amp;o=node\" \/><img decoding=\"async\" src=\"https:\/\/agenciabrasil.ebc.com.br\/ebc.gif?id=1447664&amp;o=node\" \/><\/p>\n<p>Ontem\u00a0(10), Bolsonaro disse, durante\u00a0<a href=\"https:\/\/agenciabrasil.ebc.com.br\/politica\/noticia\/2022-03\/presidente-promete-sancionar-o-quanto-antes-projeto-sobre-icms\" target=\"_blank\" rel=\"noopener\">live<\/a>\u00a0semanal nas redes sociais, que pretende sancionar imediatamente a mat\u00e9ria.<\/p>\n<p>&#8220;Passa a ser um valor fixo do ICMS, que n\u00e3o \u00e9 mais um percentual no pre\u00e7o em cima da bomba. Basicamente congela, para valer, o ICMS, que \u00e9 um imposto estadual, dos combust\u00edveis. Se a C\u00e2mara aprovar\u00a0hoje, da minha parte, n\u00e3o interessa a hora, eu assino a qualquer hora da noite. Ou da madrugada. E\u00a0publica no\u00a0<em>Di\u00e1rio Oficial da Uni\u00e3o<\/em>&#8220;, afirmou o presidente.<\/p>\n<h2>Reajuste<\/h2>\n<p>Antes de ser votado na C\u00e2mara, o projeto havia sido\u00a0<a href=\"https:\/\/agenciabrasil.ebc.com.br\/politica\/noticia\/2022-03\/senado-aprova-projeto-que-simplifica-icms-dos-combustiveis\" target=\"_blank\" rel=\"noopener\">aprovado<\/a>\u00a0na tarde de\u00a0quinta-feira pelo Senado. A aprova\u00e7\u00e3o da proposta ocorreu em meio a\u00a0<a href=\"https:\/\/agenciabrasil.ebc.com.br\/economia\/noticia\/2022-03\/petrobras-reajusta-precos-da-gasolina-e-diesel-para-distribuidoras\" target=\"_blank\" rel=\"noopener\">alta<\/a>\u00a0no pre\u00e7os dos combust\u00edveis anunciada\u00a0pela Petrobras.<\/p>\n<p>Com o aumento, o pre\u00e7o m\u00e9dio de venda da gasolina da Petrobras para as distribuidoras passa\u00a0de R$ 3,25 para R$ 3,86 por litro. Para o diesel, o pre\u00e7o m\u00e9dio de venda da Petrobras para as distribuidoras sobe\u00a0de R$ 3,61 para R$ 4,51 por litro. No caso do g\u00e1s liquefeito de petr\u00f3leo (GLP), o pre\u00e7o m\u00e9dio de venda para as distribuidoras\u00a0sobe\u00a0de R$ 3,86 para R$ 4,48 por quilo (kg), equivalente a R$ 58,21 por 13kg, refletindo reajuste m\u00e9dio de R$ 0,62 por kg.<\/p>\n<h2>O projeto<\/h2>\n<p>Entre outros pontos, o PLP estabelece que o ICMS,\u00a0um tributo estadual, ser\u00e1 cobrado em valor \u00fanico por litro de combust\u00edvel. Atualmente, a al\u00edquota do imposto \u00e9 um percentual cobrado em cima do pre\u00e7o final do litro na bomba, que sofre varia\u00e7\u00f5es do d\u00f3lar e do pre\u00e7o internacional, onerando ainda mais o valor final cobrado dos consumidores.<\/p>\n<p>O texto determina que a cobran\u00e7a do ICMS ocorra sobre o pre\u00e7o na refinaria ou no balc\u00e3o de importa\u00e7\u00e3o, quando o combust\u00edvel vier do exterior. Os novos valores, pela proposta, ser\u00e3o definidos por meio do Conselho Nacional de Pol\u00edtica Fazend\u00e1ria (Confaz), que re\u00fane representantes da \u00e1rea econ\u00f4mica de todos estados e do Distrito Federal.<\/p>\n<p>O diesel \u00e9 o \u00fanico combust\u00edvel que adotaria uma regra de transi\u00e7\u00e3o emergencial. Segundo essa sistem\u00e1tica, enquanto n\u00e3o for adotada a cobran\u00e7a \u00fanica \u2013 e correspondente unifica\u00e7\u00e3o de al\u00edquota \u2013 do diesel, o valor de refer\u00eancia para estipula\u00e7\u00e3o do tributo ser\u00e1 a m\u00e9dia m\u00f3vel dos pre\u00e7os m\u00e9dios praticados ao consumidor final nos 60 meses anteriores a sua fixa\u00e7\u00e3o.<\/p>\n<p>Al\u00e9m da cobran\u00e7a \u00fanica, o projeto tamb\u00e9m concede isen\u00e7\u00e3o do PIS\/Pasep e da Cofins em 2022 sobre os combust\u00edveis.<\/p>\n<p>Fonte: Ag\u00eancia Brasil<\/p>\n","protected":false},"excerpt":{"rendered":"<p>O Projeto de Lei Complementar (PLP) 11\/20 que prev\u00ea a incid\u00eancia do Imposto sobre Circula\u00e7\u00e3o de Mercadorias e Servi\u00e7os (ICMS) uma \u00fanica vez sobre os combust\u00edveis, inclusive os importados, aguarda san\u00e7\u00e3o do presidente\u00a0Jair Bolsonaro. O texto, aprovado na madrugada desta\u00a0sexta-feira (11)\u00a0na C\u00e2mara dos Deputados, prev\u00ea que a cobran\u00e7a se dar\u00e1 com base em uma al\u00edquota [&hellip;]<\/p>\n","protected":false},"author":246,"featured_media":196013,"comment_status":"closed","ping_status":"closed","sticky":false,"template":"","format":"standard","meta":{"footnotes":""},"categories":[436,440,261,439],"tags":[],"class_list":["post-196012","post","type-post","status-publish","format-standard","has-post-thumbnail","hentry","category-destaque-da-semana","category-destaques-do-dia","category-economia","category-ultima-hora"],"_links":{"self":[{"href":"https:\/\/diarioregionaldigital.com.br\/index.php?rest_route=\/wp\/v2\/posts\/196012","targetHints":{"allow":["GET"]}}],"collection":[{"href":"https:\/\/diarioregionaldigital.com.br\/index.php?rest_route=\/wp\/v2\/posts"}],"about":[{"href":"https:\/\/diarioregionaldigital.com.br\/index.php?rest_route=\/wp\/v2\/types\/post"}],"author":[{"embeddable":true,"href":"https:\/\/diarioregionaldigital.com.br\/index.php?rest_route=\/wp\/v2\/users\/246"}],"replies":[{"embeddable":true,"href":"https:\/\/diarioregionaldigital.com.br\/index.php?rest_route=%2Fwp%2Fv2%2Fcomments&post=196012"}],"version-history":[{"count":1,"href":"https:\/\/diarioregionaldigital.com.br\/index.php?rest_route=\/wp\/v2\/posts\/196012\/revisions"}],"predecessor-version":[{"id":196014,"href":"https:\/\/diarioregionaldigital.com.br\/index.php?rest_route=\/wp\/v2\/posts\/196012\/revisions\/196014"}],"wp:featuredmedia":[{"embeddable":true,"href":"https:\/\/diarioregionaldigital.com.br\/index.php?rest_route=\/wp\/v2\/media\/196013"}],"wp:attachment":[{"href":"https:\/\/diarioregionaldigital.com.br\/index.php?rest_route=%2Fwp%2Fv2%2Fmedia&parent=196012"}],"wp:term":[{"taxonomy":"category","embeddable":true,"href":"https:\/\/diarioregionaldigital.com.br\/index.php?rest_route=%2Fwp%2Fv2%2Fcategories&post=196012"},{"taxonomy":"post_tag","embeddable":true,"href":"https:\/\/diarioregionaldigital.com.br\/index.php?rest_route=%2Fwp%2Fv2%2Ftags&post=196012"}],"curies":[{"name":"wp","href":"https:\/\/api.w.org\/{rel}","templated":true}]}}