{"id":196008,"date":"2022-03-11T15:35:53","date_gmt":"2022-03-11T18:35:53","guid":{"rendered":"https:\/\/diarioregionaldigital.com.br\/?p=196008"},"modified":"2022-03-11T15:36:45","modified_gmt":"2022-03-11T18:36:45","slug":"policia-militar-prende-autor-de-roubo-no-centro","status":"publish","type":"post","link":"https:\/\/diarioregionaldigital.com.br\/?p=196008","title":{"rendered":"Pol\u00edcia Militar prende autor de roubo no Centro"},"content":{"rendered":"<p>No dia 10mar22 por volta das 23h22min, a Pol\u00edcia Militar compareceu no cruzamento da Rua Howian com a Rua Leopoldo Schimidtno Centro para atendimento a um taxista de 38 anos, v\u00edtima de roubo. Segundo relato transportou um passageiro do Alameda com destino ao Clube Olimpico e ao chegar nas media\u00e7\u00f5es do viaduto, sacou um estilete, anunciou o roubo, subtraiu dois aparelhos celulares e as chaves do autom\u00f3vel, evadindo logo em seguida. De posse das caracter\u00edsticas, foi realizado intenso rastreamento tendo o autor, um homem de 42 anos, sido localizado e preso pr\u00f3ximo a Pra\u00e7a dos Tr\u00eas Poderes. Objetos n\u00e3o foram recuperados, mas o autor foi conduzido \u00e0 Delegacia.<\/p>\n","protected":false},"excerpt":{"rendered":"<p>No dia 10mar22 por volta das 23h22min, a Pol\u00edcia Militar compareceu no cruzamento da Rua Howian com a Rua Leopoldo Schimidtno Centro para atendimento a um taxista de 38 anos, v\u00edtima de roubo. Segundo relato transportou um passageiro do Alameda com destino ao Clube Olimpico e ao chegar nas media\u00e7\u00f5es do viaduto, sacou um estilete, [&hellip;]<\/p>\n","protected":false},"author":246,"featured_media":196009,"comment_status":"closed","ping_status":"closed","sticky":false,"template":"","format":"standard","meta":{"footnotes":""},"categories":[301,436,439],"tags":[],"class_list":["post-196008","post","type-post","status-publish","format-standard","has-post-thumbnail","hentry","category-artigos-policiais","category-destaque-da-semana","category-ultima-hora"],"_links":{"self":[{"href":"https:\/\/diarioregionaldigital.com.br\/index.php?rest_route=\/wp\/v2\/posts\/196008","targetHints":{"allow":["GET"]}}],"collection":[{"href":"https:\/\/diarioregionaldigital.com.br\/index.php?rest_route=\/wp\/v2\/posts"}],"about":[{"href":"https:\/\/diarioregionaldigital.com.br\/index.php?rest_route=\/wp\/v2\/types\/post"}],"author":[{"embeddable":true,"href":"https:\/\/diarioregionaldigital.com.br\/index.php?rest_route=\/wp\/v2\/users\/246"}],"replies":[{"embeddable":true,"href":"https:\/\/diarioregionaldigital.com.br\/index.php?rest_route=%2Fwp%2Fv2%2Fcomments&post=196008"}],"version-history":[{"count":2,"href":"https:\/\/diarioregionaldigital.com.br\/index.php?rest_route=\/wp\/v2\/posts\/196008\/revisions"}],"predecessor-version":[{"id":196011,"href":"https:\/\/diarioregionaldigital.com.br\/index.php?rest_route=\/wp\/v2\/posts\/196008\/revisions\/196011"}],"wp:featuredmedia":[{"embeddable":true,"href":"https:\/\/diarioregionaldigital.com.br\/index.php?rest_route=\/wp\/v2\/media\/196009"}],"wp:attachment":[{"href":"https:\/\/diarioregionaldigital.com.br\/index.php?rest_route=%2Fwp%2Fv2%2Fmedia&parent=196008"}],"wp:term":[{"taxonomy":"category","embeddable":true,"href":"https:\/\/diarioregionaldigital.com.br\/index.php?rest_route=%2Fwp%2Fv2%2Fcategories&post=196008"},{"taxonomy":"post_tag","embeddable":true,"href":"https:\/\/diarioregionaldigital.com.br\/index.php?rest_route=%2Fwp%2Fv2%2Ftags&post=196008"}],"curies":[{"name":"wp","href":"https:\/\/api.w.org\/{rel}","templated":true}]}}