{"id":196004,"date":"2022-03-11T00:49:42","date_gmt":"2022-03-11T03:49:42","guid":{"rendered":"https:\/\/diarioregionaldigital.com.br\/?p=196004"},"modified":"2022-03-11T00:49:42","modified_gmt":"2022-03-11T03:49:42","slug":"abnegacao","status":"publish","type":"post","link":"https:\/\/diarioregionaldigital.com.br\/?p=196004","title":{"rendered":"Abnega\u00e7\u00e3o"},"content":{"rendered":"<p>Voc\u00ea est\u00e1 familiarizado com a palavra abnega\u00e7\u00e3o? Por acaso ela faz parte de seu vocabul\u00e1rio habitual? Ou pelo menos sabe o que significa?<\/p>\n<p>Pode ser interpretada como um desprendimento em favor do semelhante, a ren\u00fancia ao bem para si a fim de promover algo genuinamente maior. Na dimens\u00e3o \u00e9tica, significa renunciar aos desejos pessoais, \u00e0 pr\u00f3pria vontade ou at\u00e9 \u00e0 disposi\u00e7\u00f5es naturais em nome de imperativos mais sublimes.<\/p>\n<p>Pois esta \u00e9 justamente a orienta\u00e7\u00e3o de Jesus Cristo: \u201cE dizia a todos: Se algu\u00e9m quer vir ap\u00f3s mim, negue-se a si mesmo, e tome cada dia a sua cruz, e siga-me\u201d (Lucas 9: 23).<\/p>\n<p>\u00c9 um dado da realidade que as palavras mais significativas da bondade e da retid\u00e3o de car\u00e1ter est\u00e3o caindo progressivamente em desuso, como \u00e9 o caso de \u201clonganimidade\u201d ou de \u201chonra\u201d. Este tamb\u00e9m \u00e9 o caso da palavra \u201cabnega\u00e7\u00e3o\u201d.<\/p>\n<p>Provavelmente esse fato constitui um sintoma de que n\u00e3o apenas as palavras, mas sobretudo os seus significados t\u00eam se tornado estranhamente distantes do cotidiano. Quer dizer, como as pessoas veem cada vez menos longanimidade, honra e abnega\u00e7\u00e3o, elas passam a n\u00e3o saber mais o que s\u00e3o essas coisas e acabam se tornando cada vez menos long\u00e2nimas, honradas ou abnegadas.<\/p>\n<p>\u201cSaiba disto: nos \u00faltimos dias sobrevir\u00e3o tempos terr\u00edveis. Os homens ser\u00e3o ego\u00edstas, avarentos, presun\u00e7osos, arrogantes, blasfemos, desobedientes aos pais, ingratos, \u00edmpios, sem amor pela fam\u00edlia, irreconcili\u00e1veis, caluniadores, sem dom\u00ednio pr\u00f3prio, cru\u00e9is, inimigos do bem, traidores, precipitados, soberbos, mais amantes dos prazeres do que amigos de Deus, tendo apar\u00eancia de piedade, mas negando o seu poder. Afaste-se tamb\u00e9m destes\u201d (2 Tim\u00f3teo 3: 1-5).<\/p>\n<p>Uma forma de interpretar a abnega\u00e7\u00e3o \u00e9 como ant\u00edtese do ego\u00edsmo, pois se trata de um desapego profundo, quase um desinteresse em buscar algo para si mesmo, ao mesmo tempo que expressa o desejo irresist\u00edvel de fazer o bem para os outros.<\/p>\n<p>Pois Jesus foi o maior exemplo de abnega\u00e7\u00e3o em todos os tempos:<\/p>\n<p>\u201cE come\u00e7ou a ensinar-lhes que importava que o Filho do homem padecesse muito, e que fosse rejeitado pelos anci\u00e3os e principais sacerdotes, e pelos escribas, e que fosse morto, mas que depois de tr\u00eas dias ressuscitaria\u201d (Marcos 8: 31).<\/p>\n<p>Ele \u00e9 nosso exemplo e modelo:<\/p>\n<p>\u201cPortanto, sejam imitadores de Deus, como filhos amados, e vivam em amor, como tamb\u00e9m Cristo nos amou e se entregou por n\u00f3s como oferta e sacrif\u00edcio de aroma agrad\u00e1vel a Deus\u201d (Ef\u00e9sios 5: 1,2).<\/p>\n","protected":false},"excerpt":{"rendered":"<p>Voc\u00ea est\u00e1 familiarizado com a palavra abnega\u00e7\u00e3o? Por acaso ela faz parte de seu vocabul\u00e1rio habitual? Ou pelo menos sabe o que significa? Pode ser interpretada como um desprendimento em favor do semelhante, a ren\u00fancia ao bem para si a fim de promover algo genuinamente maior. Na dimens\u00e3o \u00e9tica, significa renunciar aos desejos pessoais, \u00e0 [&hellip;]<\/p>\n","protected":false},"author":96,"featured_media":0,"comment_status":"closed","ping_status":"closed","sticky":false,"template":"","format":"standard","meta":{"footnotes":""},"categories":[1244],"tags":[],"class_list":["post-196004","post","type-post","status-publish","format-standard","hentry","category-oleg-abramov"],"_links":{"self":[{"href":"https:\/\/diarioregionaldigital.com.br\/index.php?rest_route=\/wp\/v2\/posts\/196004","targetHints":{"allow":["GET"]}}],"collection":[{"href":"https:\/\/diarioregionaldigital.com.br\/index.php?rest_route=\/wp\/v2\/posts"}],"about":[{"href":"https:\/\/diarioregionaldigital.com.br\/index.php?rest_route=\/wp\/v2\/types\/post"}],"author":[{"embeddable":true,"href":"https:\/\/diarioregionaldigital.com.br\/index.php?rest_route=\/wp\/v2\/users\/96"}],"replies":[{"embeddable":true,"href":"https:\/\/diarioregionaldigital.com.br\/index.php?rest_route=%2Fwp%2Fv2%2Fcomments&post=196004"}],"version-history":[{"count":1,"href":"https:\/\/diarioregionaldigital.com.br\/index.php?rest_route=\/wp\/v2\/posts\/196004\/revisions"}],"predecessor-version":[{"id":196005,"href":"https:\/\/diarioregionaldigital.com.br\/index.php?rest_route=\/wp\/v2\/posts\/196004\/revisions\/196005"}],"wp:attachment":[{"href":"https:\/\/diarioregionaldigital.com.br\/index.php?rest_route=%2Fwp%2Fv2%2Fmedia&parent=196004"}],"wp:term":[{"taxonomy":"category","embeddable":true,"href":"https:\/\/diarioregionaldigital.com.br\/index.php?rest_route=%2Fwp%2Fv2%2Fcategories&post=196004"},{"taxonomy":"post_tag","embeddable":true,"href":"https:\/\/diarioregionaldigital.com.br\/index.php?rest_route=%2Fwp%2Fv2%2Ftags&post=196004"}],"curies":[{"name":"wp","href":"https:\/\/api.w.org\/{rel}","templated":true}]}}