{"id":196002,"date":"2022-03-11T00:48:12","date_gmt":"2022-03-11T03:48:12","guid":{"rendered":"https:\/\/diarioregionaldigital.com.br\/?p=196002"},"modified":"2022-03-11T00:48:12","modified_gmt":"2022-03-11T03:48:12","slug":"aviso-de-licitacao-assessoria-contabil","status":"publish","type":"post","link":"https:\/\/diarioregionaldigital.com.br\/?p=196002","title":{"rendered":"Aviso de Licita\u00e7\u00e3o &#8211; Assessoria Cont\u00e1bil"},"content":{"rendered":"<p><img loading=\"lazy\" decoding=\"async\" class=\"aligncenter wp-image-195997\" src=\"https:\/\/diarioregionaldigital.com.br\/wp-content\/uploads\/2022\/03\/AVISO-DE-LICITACAO-assessoria-contabil-scaled.jpg\" alt=\"\" width=\"500\" height=\"757\" srcset=\"https:\/\/diarioregionaldigital.com.br\/wp-content\/uploads\/2022\/03\/AVISO-DE-LICITACAO-assessoria-contabil-scaled.jpg 1690w, https:\/\/diarioregionaldigital.com.br\/wp-content\/uploads\/2022\/03\/AVISO-DE-LICITACAO-assessoria-contabil-198x300.jpg 198w, https:\/\/diarioregionaldigital.com.br\/wp-content\/uploads\/2022\/03\/AVISO-DE-LICITACAO-assessoria-contabil-676x1024.jpg 676w, https:\/\/diarioregionaldigital.com.br\/wp-content\/uploads\/2022\/03\/AVISO-DE-LICITACAO-assessoria-contabil-768x1163.jpg 768w, https:\/\/diarioregionaldigital.com.br\/wp-content\/uploads\/2022\/03\/AVISO-DE-LICITACAO-assessoria-contabil-1014x1536.jpg 1014w, https:\/\/diarioregionaldigital.com.br\/wp-content\/uploads\/2022\/03\/AVISO-DE-LICITACAO-assessoria-contabil-1352x2048.jpg 1352w, https:\/\/diarioregionaldigital.com.br\/wp-content\/uploads\/2022\/03\/AVISO-DE-LICITACAO-assessoria-contabil-360x545.jpg 360w\" sizes=\"auto, (max-width: 500px) 100vw, 500px\" \/><\/p>\n","protected":false},"excerpt":{"rendered":"","protected":false},"author":96,"featured_media":0,"comment_status":"closed","ping_status":"closed","sticky":false,"template":"","format":"standard","meta":{"footnotes":""},"categories":[307],"tags":[],"class_list":["post-196002","post","type-post","status-publish","format-standard","hentry","category-editais"],"_links":{"self":[{"href":"https:\/\/diarioregionaldigital.com.br\/index.php?rest_route=\/wp\/v2\/posts\/196002","targetHints":{"allow":["GET"]}}],"collection":[{"href":"https:\/\/diarioregionaldigital.com.br\/index.php?rest_route=\/wp\/v2\/posts"}],"about":[{"href":"https:\/\/diarioregionaldigital.com.br\/index.php?rest_route=\/wp\/v2\/types\/post"}],"author":[{"embeddable":true,"href":"https:\/\/diarioregionaldigital.com.br\/index.php?rest_route=\/wp\/v2\/users\/96"}],"replies":[{"embeddable":true,"href":"https:\/\/diarioregionaldigital.com.br\/index.php?rest_route=%2Fwp%2Fv2%2Fcomments&post=196002"}],"version-history":[{"count":1,"href":"https:\/\/diarioregionaldigital.com.br\/index.php?rest_route=\/wp\/v2\/posts\/196002\/revisions"}],"predecessor-version":[{"id":196003,"href":"https:\/\/diarioregionaldigital.com.br\/index.php?rest_route=\/wp\/v2\/posts\/196002\/revisions\/196003"}],"wp:attachment":[{"href":"https:\/\/diarioregionaldigital.com.br\/index.php?rest_route=%2Fwp%2Fv2%2Fmedia&parent=196002"}],"wp:term":[{"taxonomy":"category","embeddable":true,"href":"https:\/\/diarioregionaldigital.com.br\/index.php?rest_route=%2Fwp%2Fv2%2Fcategories&post=196002"},{"taxonomy":"post_tag","embeddable":true,"href":"https:\/\/diarioregionaldigital.com.br\/index.php?rest_route=%2Fwp%2Fv2%2Ftags&post=196002"}],"curies":[{"name":"wp","href":"https:\/\/api.w.org\/{rel}","templated":true}]}}