{"id":196000,"date":"2022-03-11T00:47:23","date_gmt":"2022-03-11T03:47:23","guid":{"rendered":"https:\/\/diarioregionaldigital.com.br\/?p=196000"},"modified":"2022-03-11T00:47:23","modified_gmt":"2022-03-11T03:47:23","slug":"aviso-de-licitacao-conservacao-e-limpeza","status":"publish","type":"post","link":"https:\/\/diarioregionaldigital.com.br\/?p=196000","title":{"rendered":"Aviso de Licita\u00e7\u00e3o &#8211; Conserva\u00e7\u00e3o e Limpeza"},"content":{"rendered":"<p><img loading=\"lazy\" decoding=\"async\" class=\"aligncenter wp-image-195996\" src=\"https:\/\/diarioregionaldigital.com.br\/wp-content\/uploads\/2022\/03\/AVISO-DE-LICITACAO-Conservacao-e-Limpeza.jpg\" alt=\"\" width=\"500\" height=\"606\" srcset=\"https:\/\/diarioregionaldigital.com.br\/wp-content\/uploads\/2022\/03\/AVISO-DE-LICITACAO-Conservacao-e-Limpeza.jpg 1848w, https:\/\/diarioregionaldigital.com.br\/wp-content\/uploads\/2022\/03\/AVISO-DE-LICITACAO-Conservacao-e-Limpeza-248x300.jpg 248w, https:\/\/diarioregionaldigital.com.br\/wp-content\/uploads\/2022\/03\/AVISO-DE-LICITACAO-Conservacao-e-Limpeza-845x1024.jpg 845w, https:\/\/diarioregionaldigital.com.br\/wp-content\/uploads\/2022\/03\/AVISO-DE-LICITACAO-Conservacao-e-Limpeza-768x931.jpg 768w, https:\/\/diarioregionaldigital.com.br\/wp-content\/uploads\/2022\/03\/AVISO-DE-LICITACAO-Conservacao-e-Limpeza-1267x1536.jpg 1267w, https:\/\/diarioregionaldigital.com.br\/wp-content\/uploads\/2022\/03\/AVISO-DE-LICITACAO-Conservacao-e-Limpeza-1690x2048.jpg 1690w, https:\/\/diarioregionaldigital.com.br\/wp-content\/uploads\/2022\/03\/AVISO-DE-LICITACAO-Conservacao-e-Limpeza-360x436.jpg 360w\" sizes=\"auto, (max-width: 500px) 100vw, 500px\" \/><\/p>\n","protected":false},"excerpt":{"rendered":"","protected":false},"author":96,"featured_media":0,"comment_status":"closed","ping_status":"closed","sticky":false,"template":"","format":"standard","meta":{"footnotes":""},"categories":[307],"tags":[],"class_list":["post-196000","post","type-post","status-publish","format-standard","hentry","category-editais"],"_links":{"self":[{"href":"https:\/\/diarioregionaldigital.com.br\/index.php?rest_route=\/wp\/v2\/posts\/196000","targetHints":{"allow":["GET"]}}],"collection":[{"href":"https:\/\/diarioregionaldigital.com.br\/index.php?rest_route=\/wp\/v2\/posts"}],"about":[{"href":"https:\/\/diarioregionaldigital.com.br\/index.php?rest_route=\/wp\/v2\/types\/post"}],"author":[{"embeddable":true,"href":"https:\/\/diarioregionaldigital.com.br\/index.php?rest_route=\/wp\/v2\/users\/96"}],"replies":[{"embeddable":true,"href":"https:\/\/diarioregionaldigital.com.br\/index.php?rest_route=%2Fwp%2Fv2%2Fcomments&post=196000"}],"version-history":[{"count":1,"href":"https:\/\/diarioregionaldigital.com.br\/index.php?rest_route=\/wp\/v2\/posts\/196000\/revisions"}],"predecessor-version":[{"id":196001,"href":"https:\/\/diarioregionaldigital.com.br\/index.php?rest_route=\/wp\/v2\/posts\/196000\/revisions\/196001"}],"wp:attachment":[{"href":"https:\/\/diarioregionaldigital.com.br\/index.php?rest_route=%2Fwp%2Fv2%2Fmedia&parent=196000"}],"wp:term":[{"taxonomy":"category","embeddable":true,"href":"https:\/\/diarioregionaldigital.com.br\/index.php?rest_route=%2Fwp%2Fv2%2Fcategories&post=196000"},{"taxonomy":"post_tag","embeddable":true,"href":"https:\/\/diarioregionaldigital.com.br\/index.php?rest_route=%2Fwp%2Fv2%2Ftags&post=196000"}],"curies":[{"name":"wp","href":"https:\/\/api.w.org\/{rel}","templated":true}]}}