{"id":195993,"date":"2022-03-10T14:06:41","date_gmt":"2022-03-10T17:06:41","guid":{"rendered":"https:\/\/diarioregionaldigital.com.br\/?p=195993"},"modified":"2022-03-10T14:06:41","modified_gmt":"2022-03-10T17:06:41","slug":"policia-militar-registra-roubo-a-transeunte-no-bairro-sao-pedro","status":"publish","type":"post","link":"https:\/\/diarioregionaldigital.com.br\/?p=195993","title":{"rendered":"Pol\u00edcia Militar registra roubo a transeunte no bairro S\u00e3o Pedro"},"content":{"rendered":"<p>No dia 09mar22 por volta das 22h02min um homem de 20 anos, v\u00edtima de roubo, compareceu na sede da Pol\u00edcia Militar para registro do crime acontecido na Rua Pedro Henrique Krambeck no mesmo dia por volta das 19h00min. Segundo relato, transitava pelo local quando foi abordado pos dois suspeitos que armados com armas de fogo anunciaram o roubo, subtra\u00edram o aparelho celular e evadiram. V\u00edtimas orientadas quanto \u00e0s demais provid\u00eancias. A PM segue rastreamento.<\/p>\n","protected":false},"excerpt":{"rendered":"<p>No dia 09mar22 por volta das 22h02min um homem de 20 anos, v\u00edtima de roubo, compareceu na sede da Pol\u00edcia Militar para registro do crime acontecido na Rua Pedro Henrique Krambeck no mesmo dia por volta das 19h00min. Segundo relato, transitava pelo local quando foi abordado pos dois suspeitos que armados com armas de fogo [&hellip;]<\/p>\n","protected":false},"author":246,"featured_media":195994,"comment_status":"closed","ping_status":"closed","sticky":false,"template":"","format":"standard","meta":{"footnotes":""},"categories":[301,436,439],"tags":[],"class_list":["post-195993","post","type-post","status-publish","format-standard","has-post-thumbnail","hentry","category-artigos-policiais","category-destaque-da-semana","category-ultima-hora"],"_links":{"self":[{"href":"https:\/\/diarioregionaldigital.com.br\/index.php?rest_route=\/wp\/v2\/posts\/195993","targetHints":{"allow":["GET"]}}],"collection":[{"href":"https:\/\/diarioregionaldigital.com.br\/index.php?rest_route=\/wp\/v2\/posts"}],"about":[{"href":"https:\/\/diarioregionaldigital.com.br\/index.php?rest_route=\/wp\/v2\/types\/post"}],"author":[{"embeddable":true,"href":"https:\/\/diarioregionaldigital.com.br\/index.php?rest_route=\/wp\/v2\/users\/246"}],"replies":[{"embeddable":true,"href":"https:\/\/diarioregionaldigital.com.br\/index.php?rest_route=%2Fwp%2Fv2%2Fcomments&post=195993"}],"version-history":[{"count":1,"href":"https:\/\/diarioregionaldigital.com.br\/index.php?rest_route=\/wp\/v2\/posts\/195993\/revisions"}],"predecessor-version":[{"id":195995,"href":"https:\/\/diarioregionaldigital.com.br\/index.php?rest_route=\/wp\/v2\/posts\/195993\/revisions\/195995"}],"wp:featuredmedia":[{"embeddable":true,"href":"https:\/\/diarioregionaldigital.com.br\/index.php?rest_route=\/wp\/v2\/media\/195994"}],"wp:attachment":[{"href":"https:\/\/diarioregionaldigital.com.br\/index.php?rest_route=%2Fwp%2Fv2%2Fmedia&parent=195993"}],"wp:term":[{"taxonomy":"category","embeddable":true,"href":"https:\/\/diarioregionaldigital.com.br\/index.php?rest_route=%2Fwp%2Fv2%2Fcategories&post=195993"},{"taxonomy":"post_tag","embeddable":true,"href":"https:\/\/diarioregionaldigital.com.br\/index.php?rest_route=%2Fwp%2Fv2%2Ftags&post=195993"}],"curies":[{"name":"wp","href":"https:\/\/api.w.org\/{rel}","templated":true}]}}