{"id":195990,"date":"2022-03-10T13:57:43","date_gmt":"2022-03-10T16:57:43","guid":{"rendered":"https:\/\/diarioregionaldigital.com.br\/?p=195990"},"modified":"2022-03-10T13:57:43","modified_gmt":"2022-03-10T16:57:43","slug":"com-programacao-variada-mostra-cultural-de-sarandira-discute-preconceito-e-violencia-nas-redes","status":"publish","type":"post","link":"https:\/\/diarioregionaldigital.com.br\/?p=195990","title":{"rendered":"Com programa\u00e7\u00e3o variada, Mostra Cultural de Sarandira discute preconceito e viol\u00eancia nas redes"},"content":{"rendered":"<p>Segundo informa\u00e7\u00f5es do site da Prefeitura de Juiz de Fora, a Mostra Cultural de Sarandira, organizada pelo Coletivo \u201cPapo Cultura\u201d, acontece no pr\u00f3ximo s\u00e1bado, 12, oferecendo programa\u00e7\u00e3o intensa e variada, com dura\u00e7\u00e3o m\u00e9dia de dez horas. As atividades s\u00e3o gratuitas e livres para todos os p\u00fablicos, come\u00e7ando \u00e0s 10h, no Sal\u00e3o Comunit\u00e1rio do distrito. Um dos pontos altos ser\u00e1 o debate em torno do preconceito \u2013 racismo e homofobia &#8211; e da viol\u00eancia nas redes sociais.<\/p>\n<p>Composto por L\u00e9o Matias, Priscila de Souza e Paola Mendes, o coletivo tem apoio da Associa\u00e7\u00e3o Carabina Cultural, atrav\u00e9s do projeto Sarandira Criativa. Conforme o grupo, foram tr\u00eas meses de preparativos para a Mostra, com o objetivo de atender tanto a comunidade local, que n\u00e3o t\u00eam acesso frequente a produtos culturais, quanto visitantes interessados em passar um fim de semana na \u00e1rea rural de Juiz de Fora.<\/p>\n<p>&nbsp;<\/p>\n<p><strong>Programa\u00e7\u00e3o:<\/strong><\/p>\n<p>&nbsp;<\/p>\n<p>* 10h &#8211; Exposi\u00e7\u00e3o de produtos artesanais &#8211; Queijos, doces, quitutes, pe\u00e7as artesanais, utilit\u00e1rias e para presentes, confeccionadas pelas artes\u00e3s da comunidade.<\/p>\n<p>* 10h \u2013 Mural pintado ao vivo pelo artista urbano Dorin Grafitti, no muro da Unidade B\u00e1sica de Sa\u00fade<\/p>\n<p>* 10h30 \u2013 Gincana ecocultural &#8211; divers\u00e3o e forma\u00e7\u00e3o ambiental para a crian\u00e7ada<\/p>\n<p>* 15h \u2013 Rodas de conversa reunindo Pastor Jos\u00e9 Ivo (Movimento Negro), Larissa Monthserr\u00e1 (Movimento LGBTQIA+) e Sara Manso para abordar o tema \u201cViol\u00eancia nas redes sociais\u201d. A proposta \u00e9 promover reflex\u00e3o sobre a viabilidade de um mundo melhor, livre do preconceito e com respeito a todos.<\/p>\n<p>* 17h \u2013 Apresenta\u00e7\u00e3o Sarandira Musical, com crian\u00e7as do projeto hom\u00f4nimo coordenado por Dalila Almeida e pelo professor de m\u00fasica Thiago Croce<\/p>\n<p>* 17h30 \u2013 Apresenta\u00e7\u00e3o do m\u00fasico Thiago Croce<\/p>\n<p>* 18h &#8211; Exibi\u00e7\u00e3o dos curtas-metragens:<\/p>\n<p>&#8211; \u201cAqueles dois\u201d | Dire\u00e7\u00e3o de \u00c9merson Maranh\u00e3o | Cear\u00e1, Brasil \/ DOC \/ 2018<\/p>\n<p>&#8211; \u201cBroken Doll\u201d |Dire\u00e7\u00e3o de Gaspar Aguirre e Rom\u00e1n Sovrano | Ros\u00e1rio, Argentina \/ Anima\u00e7\u00e3o \/ 2019<\/p>\n<p>&#8211; \u201cMato Escravo\u201d | Dire\u00e7\u00e3o de Salles Fernandes | Mato Grosso, Brasil \/ FIC\/ 2021<\/p>\n<p>&nbsp;<\/p>\n<p>A Mostra Cultural de Sarandira \u00e9 um dos 20 projetos patrocinados pelo Edital Cultura na\/da Quebrada, lan\u00e7ado pela Prefeitura de Juiz de Fora, por meio da Funalfa, como parte do Programa Cultural Murilo Mendes.<\/p>\n","protected":false},"excerpt":{"rendered":"<p>Segundo informa\u00e7\u00f5es do site da Prefeitura de Juiz de Fora, a Mostra Cultural de Sarandira, organizada pelo Coletivo \u201cPapo Cultura\u201d, acontece no pr\u00f3ximo s\u00e1bado, 12, oferecendo programa\u00e7\u00e3o intensa e variada, com dura\u00e7\u00e3o m\u00e9dia de dez horas. As atividades s\u00e3o gratuitas e livres para todos os p\u00fablicos, come\u00e7ando \u00e0s 10h, no Sal\u00e3o Comunit\u00e1rio do distrito. Um [&hellip;]<\/p>\n","protected":false},"author":246,"featured_media":195991,"comment_status":"closed","ping_status":"closed","sticky":false,"template":"","format":"standard","meta":{"footnotes":""},"categories":[253,436,439],"tags":[],"class_list":["post-195990","post","type-post","status-publish","format-standard","has-post-thumbnail","hentry","category-cidade","category-destaque-da-semana","category-ultima-hora"],"_links":{"self":[{"href":"https:\/\/diarioregionaldigital.com.br\/index.php?rest_route=\/wp\/v2\/posts\/195990","targetHints":{"allow":["GET"]}}],"collection":[{"href":"https:\/\/diarioregionaldigital.com.br\/index.php?rest_route=\/wp\/v2\/posts"}],"about":[{"href":"https:\/\/diarioregionaldigital.com.br\/index.php?rest_route=\/wp\/v2\/types\/post"}],"author":[{"embeddable":true,"href":"https:\/\/diarioregionaldigital.com.br\/index.php?rest_route=\/wp\/v2\/users\/246"}],"replies":[{"embeddable":true,"href":"https:\/\/diarioregionaldigital.com.br\/index.php?rest_route=%2Fwp%2Fv2%2Fcomments&post=195990"}],"version-history":[{"count":1,"href":"https:\/\/diarioregionaldigital.com.br\/index.php?rest_route=\/wp\/v2\/posts\/195990\/revisions"}],"predecessor-version":[{"id":195992,"href":"https:\/\/diarioregionaldigital.com.br\/index.php?rest_route=\/wp\/v2\/posts\/195990\/revisions\/195992"}],"wp:featuredmedia":[{"embeddable":true,"href":"https:\/\/diarioregionaldigital.com.br\/index.php?rest_route=\/wp\/v2\/media\/195991"}],"wp:attachment":[{"href":"https:\/\/diarioregionaldigital.com.br\/index.php?rest_route=%2Fwp%2Fv2%2Fmedia&parent=195990"}],"wp:term":[{"taxonomy":"category","embeddable":true,"href":"https:\/\/diarioregionaldigital.com.br\/index.php?rest_route=%2Fwp%2Fv2%2Fcategories&post=195990"},{"taxonomy":"post_tag","embeddable":true,"href":"https:\/\/diarioregionaldigital.com.br\/index.php?rest_route=%2Fwp%2Fv2%2Ftags&post=195990"}],"curies":[{"name":"wp","href":"https:\/\/api.w.org\/{rel}","templated":true}]}}