{"id":195987,"date":"2022-03-10T13:56:13","date_gmt":"2022-03-10T16:56:13","guid":{"rendered":"https:\/\/diarioregionaldigital.com.br\/?p=195987"},"modified":"2022-03-10T13:56:13","modified_gmt":"2022-03-10T16:56:13","slug":"programa-boniteza-corrige-erosoes-no-centro-marumbi-e-joquei-clube","status":"publish","type":"post","link":"https:\/\/diarioregionaldigital.com.br\/?p=195987","title":{"rendered":"Programa Boniteza corrige eros\u00f5es no Centro, Marumbi e J\u00f3quei Clube"},"content":{"rendered":"<p>Segundo informa\u00e7\u00f5es do site da Prefeitura de Juiz de Fora, atrav\u00e9s da Secretaria de Obras (SO) e do Gabinete de A\u00e7\u00e3o e Di\u00e1logo Comunit\u00e1rio (GADC) da Prefeitura de Juiz de Fora (PJF), o Programa Boniteza opera em 131 interven\u00e7\u00f5es nesta quinta-feira, 10.<\/p>\n<p>&nbsp;<\/p>\n<p><strong>Obras<\/strong><\/p>\n<p>&nbsp;<\/p>\n<p>Os Departamentos de Opera\u00e7\u00e3o e Manuten\u00e7\u00e3o em Obras (Domo) e de Estradas Vicinais da Secretaria de Obras t\u00eam previstas 24 a\u00e7\u00f5es.<\/p>\n<p>&nbsp;<\/p>\n<p>Interven\u00e7\u00f5es em continuidade:<\/p>\n<p>-Constru\u00e7\u00e3o de rede de drenagem &#8211; Rua Celso Nunes Leal &#8211; Bonfim<\/p>\n<p>-Corre\u00e7\u00e3o de Eros\u00e3o na margem do C\u00f3rrego do Linhares\u00a0\u00a0 \u00a0&#8211; Linhares<\/p>\n<p>-Execu\u00e7\u00e3o de dreno na estrada &#8211; Estrada Pedra Branca &#8211; N\u00e1utico<\/p>\n<p>-Patrolamento &#8211; Estrada de Ros\u00e1rio de Minas \u00e0 Buiei\u00e9 &#8211; Ros\u00e1rio de Minas<\/p>\n<p>-Encabe\u00e7amento de bueiro &#8211; Estrada da Invernada &#8211; Torre\u00f5es<\/p>\n<p>-Patrolamento em pontos cr\u00edticos &#8211; Estrada do Fund\u00e3o &#8211; Torre\u00f5es<\/p>\n<p>-Aterro para recobrimento do dreno &#8211; Estrada do Fund\u00e3o &#8211; Torre\u00f5es<\/p>\n<p>&nbsp;<\/p>\n<p>Novas interven\u00e7\u00f5es:<\/p>\n<p>-Corre\u00e7\u00e3o de eros\u00e3o pluvial &#8211; Avenida Rio Branco esquina com a Rua Oswaldo Aranha &#8211; Centro<\/p>\n<p>-Limpeza das bocas de lobo &#8211; Rua Paulo Lutterback Abreu &#8211; S\u00e3o Judas Tadeu<\/p>\n<p>-Limpeza das bocas de lobo &#8211; Rua Francisco de Paula Salgado &#8211; S\u00e3o Judas Tadeu<\/p>\n<p>-Limpeza das bocas de lobo &#8211; Rua Jair de Oliveira Pires &#8211; S\u00e3o Judas Tadeu<\/p>\n<p>-Limpeza das bocas de lobo &#8211; Rua Omar Baptista De Oliveira\u00a0\u00a0\u00a0 \u00a0Milho Branco<\/p>\n<p>-Limpeza das bocas de lobo &#8211; Rua Sargento Ant\u00f4nio Dami\u00e3o &#8211; J\u00f3quei Clube III<\/p>\n<p>-Limpeza das bocas de lobo &#8211; Rua Ivan Jos\u00e9 &#8211; Ponte Preta<\/p>\n<p>-Corre\u00e7\u00e3o de eros\u00e3o &#8211; Rua Silvestre de Ara\u00fajo Porto &#8211; Marumbi<\/p>\n<p>-Reforma das bocas de lobo &#8211; Rua Gabriel Gon\u00e7alves Silva &#8211; Parque Independ\u00eancia<\/p>\n<p>-Limpeza das bocas de lobo &#8211; Rua Bar\u00e3o de Cataguases &#8211; Centro<\/p>\n<p>-Retirada de borrachudo &#8211; Estrada Vale dos Pe\u00f5es &#8211; Linhares<\/p>\n<p>-Reforma de bueiro &#8211; Estrada do Caet\u00e9 &#8211; Pr\u00f3ximo Km 1 &#8211; Caet\u00e9<\/p>\n<p>-Ro\u00e7ada &#8211; Estrada de Sarandira &#8211; Sarandira<\/p>\n<p>-Mobiliza\u00e7\u00e3o de patrol para execu\u00e7\u00e3o de servi\u00e7o &#8211; Estrada de Sarandira &#8211; Sarandira<\/p>\n<p>-Corre\u00e7\u00e3o de eros\u00e3o &#8211; Rua Padre Jos\u00e9 Irany de Oliveira &#8211; J\u00f3quei Clube<\/p>\n<p>-Corre\u00e7\u00e3o em pontos cr\u00edticos &#8211; Estrada dos Papas<\/p>\n<p>-Corre\u00e7\u00e3o em pontos cr\u00edticos &#8211; Estrada dos Pires &#8211; Pires<\/p>\n<p>&nbsp;<\/p>\n<p><strong>Ilumina\u00e7\u00e3o P\u00fablica<\/strong><\/p>\n<p>&nbsp;<\/p>\n<p>O departamento de Ilumina\u00e7\u00e3o P\u00fablica da PJF d\u00e1 continuidade \u00e0s a\u00e7\u00f5es com a previs\u00e3o de trocas de 110 l\u00e2mpadas em todas as regi\u00f5es.<\/p>\n<p>&nbsp;<\/p>\n<p><strong>-Jardim Gl\u00f3ria<\/strong><\/p>\n<p>Rua Cosette de Alencar<\/p>\n<p>&nbsp;<\/p>\n<p><strong>-Vale do Ip\u00ea<\/strong><\/p>\n<p>Rua Doutor Jamil Altaf<\/p>\n<p>&nbsp;<\/p>\n<p><strong>-Santa Cec\u00edlia<\/strong><\/p>\n<p>Rua Almir Monteiro<\/p>\n<p>Rua Jo\u00e3o Francisco Monteiro<\/p>\n<p>&nbsp;<\/p>\n<p><strong>-Democrata<\/strong><\/p>\n<p>Rua Rafael Zacarias<\/p>\n<p>Rua Muria\u00e9<\/p>\n<p>&nbsp;<\/p>\n<p><strong>-S\u00e3o Tarc\u00edsio<\/strong><\/p>\n<p>Rua Vicente Vieira da Mota<\/p>\n<p>Rua S\u00e3o Pancr\u00e1cio<\/p>\n<p>&nbsp;<\/p>\n<p><strong>-Santa Rita de C\u00e1ssia<\/strong><\/p>\n<p>Rua Oscar Teodoro de Oliveira<\/p>\n<p>Rua Ot\u00e1vio Pereira Torres<\/p>\n<p>&nbsp;<\/p>\n<p><strong>-Nossa Senhora Aparecida<\/strong><\/p>\n<p>Rua Ant\u00f4nio Meurer<\/p>\n<p>Rua Sebasti\u00e3o Jos\u00e9 da Silva<\/p>\n<p>&nbsp;<\/p>\n<p><strong>-Progresso<\/strong><\/p>\n<p>Rua Vitar Maria de Oliveira<\/p>\n<p>Rua Eduardo Barbosa da Silva<\/p>\n<p>&nbsp;<\/p>\n<p><strong>-Bairu<\/strong><\/p>\n<p>Rua Professor Francisco Faria<\/p>\n<p>Rua Jos\u00e9 Teixeira Lopes<\/p>\n<p>Rua Comendador Pereira da Silva<\/p>\n<p>Rua Ribeiro de Abreu<\/p>\n<p>&nbsp;<\/p>\n<p><strong>-Graja\u00fa<\/strong><\/p>\n<p>Rua Jo\u00e3o Zanini<\/p>\n<p>Rua Francisco Falci<\/p>\n<p>&nbsp;<\/p>\n<p><strong>-Vitorino Braga<\/strong><\/p>\n<p>Rua Capit\u00e3o Bicalho<\/p>\n<p>&nbsp;<\/p>\n<p><strong>-Manoel Hon\u00f3rio<\/strong><\/p>\n<p>Rua Doutor Alberto Vieira Lima<\/p>\n<p>&nbsp;<\/p>\n<p><strong>-Granjas Triunfo<\/strong><\/p>\n<p>Rua Nadir Pereira Rabello<\/p>\n<p>&nbsp;<\/p>\n<p><strong>-Vale dos Pe\u00f5es<\/strong><\/p>\n<p>Rua Orlando Riani<\/p>\n<p>&nbsp;<\/p>\n<p><strong>-Grama<\/strong><\/p>\n<p>Rua Carlos Horacio Pradez<\/p>\n<p>Rua Farmac\u00eautico Jos\u00e9 Rodrigues<\/p>\n<p>Rua Domingos Ambr\u00f3sio<\/p>\n<p>Rua Amazonas<\/p>\n<p>Rua Rio de Janeiro<\/p>\n<p>Rua Maria de Lourdes<\/p>\n<p>Rua da Passagem<\/p>\n<p>Rua Diomar Monteiro<\/p>\n<p>Rua Maria Aparecida<\/p>\n<p>Rua Maur\u00edlio Esteves<\/p>\n<p>Avenida Juiz de Fora<\/p>\n<p>Rua Minas Gerais<\/p>\n<p>Rua Olympio Freguglia Filho<\/p>\n<p>Rua Angelina Tedesco Freguglia<\/p>\n<p>Rua Maria Belo da Silva<\/p>\n<p>&nbsp;<\/p>\n<p><strong>-Filgueiras<\/strong><\/p>\n<p>Rua A (Santa Efig\u00eania)<\/p>\n<p>&nbsp;<\/p>\n<p><strong>-Parque Independ\u00eancia<\/strong><\/p>\n<p>Rua Deputado Arlindo Zanini<\/p>\n<p>Rua Dalva Teresa de Moraes<\/p>\n<p>Rua Trevizani<\/p>\n<p>Rua Gabriel Gon\u00e7alves da Silva<\/p>\n<p>Rua Engenheiro Mauro Neves<\/p>\n<p>Rua Doutor Jos\u00e9 de Castro de Azevedo<\/p>\n<p>Rua Jos\u00e9 Segantini<\/p>\n<p>Rua Frizero<\/p>\n<p>Rua Raymundo Cravo<\/p>\n<p>Rua Cec\u00edlia Hager Gintner<\/p>\n<p>&nbsp;<\/p>\n<p><strong>Granjas Guaruj\u00e1-Mirim\u00a0<\/strong><\/p>\n<p>Rua Maria Guilhermina Rebelo<\/p>\n<p>&nbsp;<\/p>\n<p><strong>-Vila Montanhesa<\/strong><\/p>\n<p>Rua Amazonas<\/p>\n<p>Rua Ewaldo Loures Coelho<\/p>\n<p>&nbsp;<\/p>\n<p><strong>-Recanto dos Lagos<\/strong><\/p>\n<p>Rua Senhor Am\u00e9rico Mozzato<\/p>\n<p>Rua Jos\u00e9 Vicente da Silva<\/p>\n<p>Rua Maur\u00edcio Fagundes Resende<\/p>\n<p>&nbsp;<\/p>\n<p><strong>-Terras do Comendador<\/strong><\/p>\n<p>Rua Flamboyant Mirim<\/p>\n<p>Rua Urucum<\/p>\n<p>&nbsp;<\/p>\n<p><strong>-Vivendas da Serra<\/strong><\/p>\n<p>Rua Olinda Colucci Trist\u00e3o<\/p>\n<p>&nbsp;<\/p>\n<p><strong>-Jardim Natal<\/strong><\/p>\n<p>Rua Ant\u00f4nio Carlos da Silva<\/p>\n<p>Rua Felippe Jos\u00e9<\/p>\n<p>Rua Doutor Eckman<\/p>\n<p>Rua Trajano Braz de Oliveira<\/p>\n<p>Rua Ant\u00f4nio Carlos da Silva<\/p>\n<p>Rua Tenente Lucas Drumond<\/p>\n<p>Rua Joana Matilde da Silva<\/p>\n<p>Rua Geraldo Scaldini Machado<\/p>\n<p>&nbsp;<\/p>\n<p><strong>-J\u00f3quei Clube<\/strong><\/p>\n<p>Avenida J\u00f3quei Clube<\/p>\n<p>&nbsp;<\/p>\n<p><strong>-J\u00f3quei Clube III<\/strong><\/p>\n<p>Estrada da Remonta<\/p>\n<p>&nbsp;<\/p>\n<p><strong>-Adolfo Vireque<\/strong><\/p>\n<p>Rua Doutor Ricardo Fortini Filho<\/p>\n<p>Rua Artes\u00e3o Ant\u00f4nio de Oliveira<\/p>\n<p>&nbsp;<\/p>\n<p><strong>-Nossa Senhora de F\u00e1tima<\/strong><\/p>\n<p>Rua Jos\u00e9 Louren\u00e7o Kelmer<\/p>\n<p>&nbsp;<\/p>\n<p><strong>-Alto dos Pinheiros<\/strong><\/p>\n<p>Rua Jo\u00e3o Teodosio de Araujo<\/p>\n<p>&nbsp;<\/p>\n<p><strong>-S\u00e3o Geraldo<\/strong><\/p>\n<p>Rua D<\/p>\n<p>&nbsp;<\/p>\n<p><strong>-Previdenci\u00e1rios<\/strong><\/p>\n<p>Rua Dante Mancini<\/p>\n<p>Rua Ant\u00f4nio de Castro<\/p>\n<p>Condom\u00ednio Fazendinhas do Ipiranga Estrada 5<\/p>\n<p>Rua E<\/p>\n<p>&nbsp;<\/p>\n<p><strong>-Sagrado Cora\u00e7\u00e3o de Jesus<\/strong><\/p>\n<p>Rua Doutor Edmundo Lys<\/p>\n<p>Rua Afonso Jos\u00e9 Teixeira<\/p>\n<p>Rua Projetada 2<\/p>\n<p>Rua Marciano Pinto<\/p>\n<p>&nbsp;<\/p>\n<p><strong>-Bela Aurora<\/strong><\/p>\n<p>Rua Jos\u00e9 Cl\u00e1udio de Souza<\/p>\n<p>Rua Robson da Costa Magalh\u00e3es<\/p>\n<p>Rua Francisco Gon\u00e7alves Mariano<\/p>\n<p>&nbsp;<\/p>\n<p><strong>Gabinete de A\u00e7\u00e3o e Di\u00e1logo Comunit\u00e1rio<\/strong><\/p>\n<p>&nbsp;<\/p>\n<p>As a\u00e7\u00f5es da Secretaria de Obras s\u00e3o realizadas atrav\u00e9s do Gabinete de A\u00e7\u00e3o e Di\u00e1logo Comunit\u00e1rio, que recebe demandas de melhorias urbanas pelo n\u00famero (32) 3690-7241, por liga\u00e7\u00e3o ou WhatsApp.<\/p>\n<p>&nbsp;<\/p>\n<p>No\u00a0<a href=\"https:\/\/www.pjf.mg.gov.br\/gabinetecomunitario\/\"><strong>site do gabinete<\/strong><\/a>, est\u00e3o dispon\u00edveis informa\u00e7\u00f5es atualizadas\u00a0 diariamente sobre os servi\u00e7os realizados pelas secretarias de Obras (SO); de Sustentabilidade em Meio Ambiente e Atividades Urbanas (Sesmaur); de Mobilidade Urbana (SMU); e pela\u00a0 Empresa Municipal de Pavimenta\u00e7\u00e3o e Urbaniza\u00e7\u00e3o (Empav); Departamento Municipal de Limpeza Urbana (Demlurb); e Companhia de Saneamento Municipal (Cesama).<\/p>\n","protected":false},"excerpt":{"rendered":"<p>Segundo informa\u00e7\u00f5es do site da Prefeitura de Juiz de Fora, atrav\u00e9s da Secretaria de Obras (SO) e do Gabinete de A\u00e7\u00e3o e Di\u00e1logo Comunit\u00e1rio (GADC) da Prefeitura de Juiz de Fora (PJF), o Programa Boniteza opera em 131 interven\u00e7\u00f5es nesta quinta-feira, 10. &nbsp; Obras &nbsp; Os Departamentos de Opera\u00e7\u00e3o e Manuten\u00e7\u00e3o em Obras (Domo) e [&hellip;]<\/p>\n","protected":false},"author":246,"featured_media":195988,"comment_status":"closed","ping_status":"closed","sticky":false,"template":"","format":"standard","meta":{"footnotes":""},"categories":[253,436,439],"tags":[],"class_list":["post-195987","post","type-post","status-publish","format-standard","has-post-thumbnail","hentry","category-cidade","category-destaque-da-semana","category-ultima-hora"],"_links":{"self":[{"href":"https:\/\/diarioregionaldigital.com.br\/index.php?rest_route=\/wp\/v2\/posts\/195987","targetHints":{"allow":["GET"]}}],"collection":[{"href":"https:\/\/diarioregionaldigital.com.br\/index.php?rest_route=\/wp\/v2\/posts"}],"about":[{"href":"https:\/\/diarioregionaldigital.com.br\/index.php?rest_route=\/wp\/v2\/types\/post"}],"author":[{"embeddable":true,"href":"https:\/\/diarioregionaldigital.com.br\/index.php?rest_route=\/wp\/v2\/users\/246"}],"replies":[{"embeddable":true,"href":"https:\/\/diarioregionaldigital.com.br\/index.php?rest_route=%2Fwp%2Fv2%2Fcomments&post=195987"}],"version-history":[{"count":1,"href":"https:\/\/diarioregionaldigital.com.br\/index.php?rest_route=\/wp\/v2\/posts\/195987\/revisions"}],"predecessor-version":[{"id":195989,"href":"https:\/\/diarioregionaldigital.com.br\/index.php?rest_route=\/wp\/v2\/posts\/195987\/revisions\/195989"}],"wp:featuredmedia":[{"embeddable":true,"href":"https:\/\/diarioregionaldigital.com.br\/index.php?rest_route=\/wp\/v2\/media\/195988"}],"wp:attachment":[{"href":"https:\/\/diarioregionaldigital.com.br\/index.php?rest_route=%2Fwp%2Fv2%2Fmedia&parent=195987"}],"wp:term":[{"taxonomy":"category","embeddable":true,"href":"https:\/\/diarioregionaldigital.com.br\/index.php?rest_route=%2Fwp%2Fv2%2Fcategories&post=195987"},{"taxonomy":"post_tag","embeddable":true,"href":"https:\/\/diarioregionaldigital.com.br\/index.php?rest_route=%2Fwp%2Fv2%2Ftags&post=195987"}],"curies":[{"name":"wp","href":"https:\/\/api.w.org\/{rel}","templated":true}]}}