{"id":195984,"date":"2022-03-10T13:54:13","date_gmt":"2022-03-10T16:54:13","guid":{"rendered":"https:\/\/diarioregionaldigital.com.br\/?p=195984"},"modified":"2022-03-10T13:54:13","modified_gmt":"2022-03-10T16:54:13","slug":"conselho-de-transporte-e-transito-elege-presidente-da-associacao-de-moradores-do-graminha","status":"publish","type":"post","link":"https:\/\/diarioregionaldigital.com.br\/?p=195984","title":{"rendered":"Conselho de Transporte e Tr\u00e2nsito elege presidente da Associa\u00e7\u00e3o de Moradores do Graminha"},"content":{"rendered":"<p>Segundo informa\u00e7\u00f5es do site da Prefeitura de Juiz de Fora,\u00a0 mais uma assembleia do Conselho Municipal de Transporte e Tr\u00e2nsito (CMTT) foi realizada pela Secretaria de Mobilidade Urbana (SMU) na noite desta ter\u00e7a-feira, 8. Nesta reuni\u00e3o, a presidente da Associa\u00e7\u00e3o Comunit\u00e1ria dos Moradores e Amigos do Bairro Graminha, Denise Aparecida Gama Silva Pinheiro, foi eleita para representar a Regi\u00e3o Sul.<\/p>\n<p>As vota\u00e7\u00f5es para selecionar os membros da comunidade usu\u00e1ria do Conselho Municipal de Transporte e Tr\u00e2nsito continuam a ser promovidas pela SMU at\u00e9 a sexta-feira, 11. A pr\u00f3xima escolha ser\u00e1 dos representantes das regi\u00f5es Sudeste e Leste, que acontece nesta quarta-feira, 9, \u00e0s 18h, no audit\u00f3rio do Museu Ferrovi\u00e1rio, na Avenida Brasil 2.001, no Centro.<\/p>\n<p>Os editais de convoca\u00e7\u00e3o das assembleias eletivas para a escolha dos membros da comunidade usu\u00e1ria do Conselho Municipal de Transporte e Tr\u00e2nsito (CMTT) foram publicados pela Prefeitura de Juiz de Fora (PJF), por meio da SMU, no dia 19 de fevereiro, no Di\u00e1rio Oficial do Munic\u00edpio &#8211; Atos do Governo. Na quinta-feira, 10, ser\u00e1 realizada a elei\u00e7\u00e3o das regi\u00f5es da Regi\u00e3o Oeste e Centro; e na sexta-feira, 11, dos Distritos.<\/p>\n<p>&nbsp;<\/p>\n<p><strong>O conselho<\/strong><\/p>\n<p>O CMTT \u00e9 um \u00d3rg\u00e3o Aut\u00f4nomo, de car\u00e1ter avaliador, propositivo e fiscalizador, vinculado \u00e0 SMU, para garantir o acesso \u00e0s informa\u00e7\u00f5es e a participa\u00e7\u00e3o popular no planejamento e opera\u00e7\u00e3o do sistema de Transporte P\u00fablico e Tr\u00e2nsito, objetivando a integra\u00e7\u00e3o entre os diferentes modos de transporte e a melhoria da acessibilidade e mobilidade das pessoas e cargas no territ\u00f3rio do Munic\u00edpio. Al\u00e9m da comunidade usu\u00e1ria, o conselho \u00e9 composto por \u00f3rg\u00e3os do poder p\u00fablico e de \u00f3rg\u00e3os t\u00e9cnicos e representantes de classe, totalizando 33 membros.<\/p>\n","protected":false},"excerpt":{"rendered":"<p>Segundo informa\u00e7\u00f5es do site da Prefeitura de Juiz de Fora,\u00a0 mais uma assembleia do Conselho Municipal de Transporte e Tr\u00e2nsito (CMTT) foi realizada pela Secretaria de Mobilidade Urbana (SMU) na noite desta ter\u00e7a-feira, 8. Nesta reuni\u00e3o, a presidente da Associa\u00e7\u00e3o Comunit\u00e1ria dos Moradores e Amigos do Bairro Graminha, Denise Aparecida Gama Silva Pinheiro, foi eleita [&hellip;]<\/p>\n","protected":false},"author":246,"featured_media":195985,"comment_status":"closed","ping_status":"closed","sticky":false,"template":"","format":"standard","meta":{"footnotes":""},"categories":[253,436,439],"tags":[],"class_list":["post-195984","post","type-post","status-publish","format-standard","has-post-thumbnail","hentry","category-cidade","category-destaque-da-semana","category-ultima-hora"],"_links":{"self":[{"href":"https:\/\/diarioregionaldigital.com.br\/index.php?rest_route=\/wp\/v2\/posts\/195984","targetHints":{"allow":["GET"]}}],"collection":[{"href":"https:\/\/diarioregionaldigital.com.br\/index.php?rest_route=\/wp\/v2\/posts"}],"about":[{"href":"https:\/\/diarioregionaldigital.com.br\/index.php?rest_route=\/wp\/v2\/types\/post"}],"author":[{"embeddable":true,"href":"https:\/\/diarioregionaldigital.com.br\/index.php?rest_route=\/wp\/v2\/users\/246"}],"replies":[{"embeddable":true,"href":"https:\/\/diarioregionaldigital.com.br\/index.php?rest_route=%2Fwp%2Fv2%2Fcomments&post=195984"}],"version-history":[{"count":1,"href":"https:\/\/diarioregionaldigital.com.br\/index.php?rest_route=\/wp\/v2\/posts\/195984\/revisions"}],"predecessor-version":[{"id":195986,"href":"https:\/\/diarioregionaldigital.com.br\/index.php?rest_route=\/wp\/v2\/posts\/195984\/revisions\/195986"}],"wp:featuredmedia":[{"embeddable":true,"href":"https:\/\/diarioregionaldigital.com.br\/index.php?rest_route=\/wp\/v2\/media\/195985"}],"wp:attachment":[{"href":"https:\/\/diarioregionaldigital.com.br\/index.php?rest_route=%2Fwp%2Fv2%2Fmedia&parent=195984"}],"wp:term":[{"taxonomy":"category","embeddable":true,"href":"https:\/\/diarioregionaldigital.com.br\/index.php?rest_route=%2Fwp%2Fv2%2Fcategories&post=195984"},{"taxonomy":"post_tag","embeddable":true,"href":"https:\/\/diarioregionaldigital.com.br\/index.php?rest_route=%2Fwp%2Fv2%2Ftags&post=195984"}],"curies":[{"name":"wp","href":"https:\/\/api.w.org\/{rel}","templated":true}]}}