{"id":195981,"date":"2022-03-10T13:51:19","date_gmt":"2022-03-10T16:51:19","guid":{"rendered":"https:\/\/diarioregionaldigital.com.br\/?p=195981"},"modified":"2022-03-10T13:51:19","modified_gmt":"2022-03-10T16:51:19","slug":"prefeita-assina-contrato-para-construcao-de-nova-rede-pluvial-no-parque-serra-verde","status":"publish","type":"post","link":"https:\/\/diarioregionaldigital.com.br\/?p=195981","title":{"rendered":"Prefeita assina contrato para constru\u00e7\u00e3o de nova rede pluvial no Parque Serra Verde"},"content":{"rendered":"<p>Segundo informa\u00e7\u00f5es do site da Prefeitura de Juiz de Fora, na noite desta quarta-feira, 9, a prefeita Margarida Salom\u00e3o realizou uma reuni\u00e3o de trabalho com os moradores do Parque Serra Verde, no bairro, e anunciou a assinatura de contrato de constru\u00e7\u00e3o de nova rede pluvial de mais de 350 metros, em substitui\u00e7\u00e3o \u00e0 rede danificada ap\u00f3s as fortes chuvas do in\u00edcio do ano. O investimento ser\u00e1 de mais de R$ 4 milh\u00f5es.<\/p>\n<p>\u201cAssinamos o contrato para o in\u00edcio das obras de constru\u00e7\u00e3o de nova rede pluvial no local, usando como recursos t\u00e9cnicos a instala\u00e7\u00e3o de uma galeria, de uma escada hidr\u00e1ulica, al\u00e9m do correto tratamento do caso. Estivemos aqui tamb\u00e9m para escutar os pedidos dos moradores. Para mim \u00e9 muito especial ouvir as opini\u00f5es e sugest\u00f5es, objetivo desses encontros\u201d, destacou a prefeita.<\/p>\n<p>Tamb\u00e9m estiveram presentes os secret\u00e1rios de Obras, Lincoln Santos Lima, e de Mobilidade Urbana, Tadeu David, e os vereadores Jo\u00e3o Wagner e Tiago Bonec\u00e3o.<\/p>\n<p>Obras em car\u00e1ter emergencial<\/p>\n<p>Ap\u00f3s visita no dia 28 de janeiro, Margarida determinou urg\u00eancia no in\u00edcio das obras de constru\u00e7\u00e3o de nova rede pluvial a partir de uma eros\u00e3o na Rua Luiz Gonzaga de Figueiredo, que causou o colapso da rede de drenagem da regi\u00e3o, que recebe um intenso fluxo dos quatros a\u00e7udes do Po\u00e7o Dantas. Nenhum im\u00f3vel precisou ser interditado.<\/p>\n<p>De forma provis\u00f3ria, a Prefeitura de Juiz de Fora, com o apoio log\u00edstico da Cesama, realizou interven\u00e7\u00f5es de dreno na Rua Athos Branco da Rosa, instalando tubos de capta\u00e7\u00e3o da \u00e1gua pluvial, evitando que a \u00e1gua fosse em dire\u00e7\u00e3o aos bairros Nossa Senhora de Lourdes e Tiguera.<\/p>\n","protected":false},"excerpt":{"rendered":"<p>Segundo informa\u00e7\u00f5es do site da Prefeitura de Juiz de Fora, na noite desta quarta-feira, 9, a prefeita Margarida Salom\u00e3o realizou uma reuni\u00e3o de trabalho com os moradores do Parque Serra Verde, no bairro, e anunciou a assinatura de contrato de constru\u00e7\u00e3o de nova rede pluvial de mais de 350 metros, em substitui\u00e7\u00e3o \u00e0 rede danificada [&hellip;]<\/p>\n","protected":false},"author":246,"featured_media":195982,"comment_status":"closed","ping_status":"closed","sticky":false,"template":"","format":"standard","meta":{"footnotes":""},"categories":[253,436,440,439],"tags":[],"class_list":["post-195981","post","type-post","status-publish","format-standard","has-post-thumbnail","hentry","category-cidade","category-destaque-da-semana","category-destaques-do-dia","category-ultima-hora"],"_links":{"self":[{"href":"https:\/\/diarioregionaldigital.com.br\/index.php?rest_route=\/wp\/v2\/posts\/195981","targetHints":{"allow":["GET"]}}],"collection":[{"href":"https:\/\/diarioregionaldigital.com.br\/index.php?rest_route=\/wp\/v2\/posts"}],"about":[{"href":"https:\/\/diarioregionaldigital.com.br\/index.php?rest_route=\/wp\/v2\/types\/post"}],"author":[{"embeddable":true,"href":"https:\/\/diarioregionaldigital.com.br\/index.php?rest_route=\/wp\/v2\/users\/246"}],"replies":[{"embeddable":true,"href":"https:\/\/diarioregionaldigital.com.br\/index.php?rest_route=%2Fwp%2Fv2%2Fcomments&post=195981"}],"version-history":[{"count":1,"href":"https:\/\/diarioregionaldigital.com.br\/index.php?rest_route=\/wp\/v2\/posts\/195981\/revisions"}],"predecessor-version":[{"id":195983,"href":"https:\/\/diarioregionaldigital.com.br\/index.php?rest_route=\/wp\/v2\/posts\/195981\/revisions\/195983"}],"wp:featuredmedia":[{"embeddable":true,"href":"https:\/\/diarioregionaldigital.com.br\/index.php?rest_route=\/wp\/v2\/media\/195982"}],"wp:attachment":[{"href":"https:\/\/diarioregionaldigital.com.br\/index.php?rest_route=%2Fwp%2Fv2%2Fmedia&parent=195981"}],"wp:term":[{"taxonomy":"category","embeddable":true,"href":"https:\/\/diarioregionaldigital.com.br\/index.php?rest_route=%2Fwp%2Fv2%2Fcategories&post=195981"},{"taxonomy":"post_tag","embeddable":true,"href":"https:\/\/diarioregionaldigital.com.br\/index.php?rest_route=%2Fwp%2Fv2%2Ftags&post=195981"}],"curies":[{"name":"wp","href":"https:\/\/api.w.org\/{rel}","templated":true}]}}