{"id":195978,"date":"2022-03-10T13:46:52","date_gmt":"2022-03-10T16:46:52","guid":{"rendered":"https:\/\/diarioregionaldigital.com.br\/?p=195978"},"modified":"2022-03-10T13:46:52","modified_gmt":"2022-03-10T16:46:52","slug":"alessandro-tosim-deixa-comando-da-selecao-masculina-de-goalball","status":"publish","type":"post","link":"https:\/\/diarioregionaldigital.com.br\/?p=195978","title":{"rendered":"Alessandro Tosim deixa comando da sele\u00e7\u00e3o masculina de goalball"},"content":{"rendered":"<p>A Confedera\u00e7\u00e3o Brasileira de Desportos de Deficientes Visuais anunciou nesta quarta-feira (9) que Alessandro Tosim deixou o posto de t\u00e9cnico da sele\u00e7\u00e3o brasileira masculina de goalball. A not\u00edcia marca o fim de uma passagem de 13 anos de vit\u00f3rias e t\u00edtulos, como tr\u00eas edi\u00e7\u00f5es dos Jogos Paral\u00edmpicos (2020, 2016 e 2012), duas edi\u00e7\u00f5es de Mundiais (2018 e 2014), tr\u00eas Parapan-Americanos (2019, 2015 e 2011) e dois Campeonatos das Am\u00e9ricas (2022 e 2017).<img decoding=\"async\" src=\"https:\/\/agenciabrasil.ebc.com.br\/ebc.png?id=1447338&amp;o=node\" \/><img decoding=\"async\" src=\"https:\/\/agenciabrasil.ebc.com.br\/ebc.gif?id=1447338&amp;o=node\" \/><\/p>\n<p>\u201c\u00c9 momento de refletir e estar mais pr\u00f3ximo da minha fam\u00edlia, da minha filha. Foram 13 anos distantes. Minha filha est\u00e1 completando 14 anos, tempo em que me dediquei ao goalball e acabei deixando a fam\u00edlia um pouco de lado. Quero tentar estar mais perto delas, curtir o goalball de outra forma e, principalmente, descansar um pouco ap\u00f3s tantas vit\u00f3rias\u201d, declarou Tosim.<\/p>\n<p>Alessandro Tosim ser\u00e1 substitu\u00eddo por J\u00f4natas Castro, que vinha dirigindo a sele\u00e7\u00e3o feminina, agora sob comando de Gabriel Goulart. Assistente de Tosim no masculino, Diego Colletes tamb\u00e9m deixa o cargo e ser\u00e1 substitu\u00eddo por F\u00e1bio Brandolin.<\/p>\n<p>Fonte: Ag\u00eancia Brasil<\/p>\n","protected":false},"excerpt":{"rendered":"<p>A Confedera\u00e7\u00e3o Brasileira de Desportos de Deficientes Visuais anunciou nesta quarta-feira (9) que Alessandro Tosim deixou o posto de t\u00e9cnico da sele\u00e7\u00e3o brasileira masculina de goalball. A not\u00edcia marca o fim de uma passagem de 13 anos de vit\u00f3rias e t\u00edtulos, como tr\u00eas edi\u00e7\u00f5es dos Jogos Paral\u00edmpicos (2020, 2016 e 2012), duas edi\u00e7\u00f5es de Mundiais [&hellip;]<\/p>\n","protected":false},"author":246,"featured_media":195979,"comment_status":"closed","ping_status":"closed","sticky":false,"template":"","format":"standard","meta":{"footnotes":""},"categories":[436,257,439],"tags":[],"class_list":["post-195978","post","type-post","status-publish","format-standard","has-post-thumbnail","hentry","category-destaque-da-semana","category-esporte","category-ultima-hora"],"_links":{"self":[{"href":"https:\/\/diarioregionaldigital.com.br\/index.php?rest_route=\/wp\/v2\/posts\/195978","targetHints":{"allow":["GET"]}}],"collection":[{"href":"https:\/\/diarioregionaldigital.com.br\/index.php?rest_route=\/wp\/v2\/posts"}],"about":[{"href":"https:\/\/diarioregionaldigital.com.br\/index.php?rest_route=\/wp\/v2\/types\/post"}],"author":[{"embeddable":true,"href":"https:\/\/diarioregionaldigital.com.br\/index.php?rest_route=\/wp\/v2\/users\/246"}],"replies":[{"embeddable":true,"href":"https:\/\/diarioregionaldigital.com.br\/index.php?rest_route=%2Fwp%2Fv2%2Fcomments&post=195978"}],"version-history":[{"count":1,"href":"https:\/\/diarioregionaldigital.com.br\/index.php?rest_route=\/wp\/v2\/posts\/195978\/revisions"}],"predecessor-version":[{"id":195980,"href":"https:\/\/diarioregionaldigital.com.br\/index.php?rest_route=\/wp\/v2\/posts\/195978\/revisions\/195980"}],"wp:featuredmedia":[{"embeddable":true,"href":"https:\/\/diarioregionaldigital.com.br\/index.php?rest_route=\/wp\/v2\/media\/195979"}],"wp:attachment":[{"href":"https:\/\/diarioregionaldigital.com.br\/index.php?rest_route=%2Fwp%2Fv2%2Fmedia&parent=195978"}],"wp:term":[{"taxonomy":"category","embeddable":true,"href":"https:\/\/diarioregionaldigital.com.br\/index.php?rest_route=%2Fwp%2Fv2%2Fcategories&post=195978"},{"taxonomy":"post_tag","embeddable":true,"href":"https:\/\/diarioregionaldigital.com.br\/index.php?rest_route=%2Fwp%2Fv2%2Ftags&post=195978"}],"curies":[{"name":"wp","href":"https:\/\/api.w.org\/{rel}","templated":true}]}}