{"id":195969,"date":"2022-03-10T13:42:06","date_gmt":"2022-03-10T16:42:06","guid":{"rendered":"https:\/\/diarioregionaldigital.com.br\/?p=195969"},"modified":"2022-03-10T13:42:06","modified_gmt":"2022-03-10T16:42:06","slug":"brasil-define-equipe-para-o-mundial-indoor-de-atletismo","status":"publish","type":"post","link":"https:\/\/diarioregionaldigital.com.br\/?p=195969","title":{"rendered":"Brasil define equipe para o Mundial Indoor de Atletismo"},"content":{"rendered":"<p>O Brasil j\u00e1 tem a sua equipe definida para a disputa do Campeonato Mundial Indoor de Atletismo, programado para ser disputado entre os dias 18 e 20 de mar\u00e7o em Belgrado (S\u00e9rvia).<img decoding=\"async\" src=\"https:\/\/agenciabrasil.ebc.com.br\/ebc.png?id=1447295&amp;o=node\" \/><img decoding=\"async\" src=\"https:\/\/agenciabrasil.ebc.com.br\/ebc.gif?id=1447295&amp;o=node\" \/><\/p>\n<p>A delega\u00e7\u00e3o brasileira, que foi convocada na noite da \u00faltima segunda-feira (7) pela Confedera\u00e7\u00e3o Brasileira de Atletismo (CBAt), \u00e9 formada por 13 atletas (oito homens e cinco mulheres).<\/p>\n<p>Segundo o presidente do Conselho de Administra\u00e7\u00e3o da CBAt, Wlamir Motta Campos, a expectativa \u00e9 que o Brasil conquiste bons resultados na competi\u00e7\u00e3o: \u201cTodos os convocados conseguiram as marcas m\u00ednimas exigidas e ter\u00e3o a oportunidade de lutar por bons resultados\u201d.<\/p>\n<p>Um dos destaques da equipe \u00e9 Thiago Braz. O atleta do salto com vara, que foi ouro nos Jogos Ol\u00edmpicos de 2016 (Rio de Janeiro) e bronze em 2020 (T\u00f3quio), acaba de ficar com a terceira posi\u00e7\u00e3o na etapa de Rouen (FRA) do Perche Elite Tour.<\/p>\n<h2>Rela\u00e7\u00e3o de convocados:<\/h2>\n<p><strong>Feminino<\/strong><br \/>\nRos\u00e2ngela Santos &#8211; 60 m<br \/>\nVit\u00f3ria\u00a0 Rosa (Pinheiros-SP)- 60 m<br \/>\nVit\u00f3ria Sena Alves (ASUFAM-SP) &#8211; 60 m com barreiras<br \/>\nNubia Soares (Cl\u00e3 Delfos-MG) &#8211; salto triplo<br \/>\nGeisa Arcanjo &#8211; arremesso do peso<\/p>\n<p><strong>Masculino<\/strong><br \/>\nErik Cardoso (SESI-SP) &#8211; 60 m<br \/>\nFelipe Bardi dos Santos (SESI-SP) &#8211; 60 m<br \/>\nRafael Henrique Pereira (Cl\u00e3 Delfos-MG) &#8211; 60 m com barreiras<br \/>\nGabriel Constantino &#8211; 60 m com barreiras<br \/>\nSamory Uiki (Sogipa-RS) &#8211; salto em dist\u00e2ncia<br \/>\nAlmir Cunha dos Santos (Sogipa-RS) &#8211; salto triplo<br \/>\nThiago Braz &#8211; salto com vara<br \/>\nDarlan Romani &#8211; arremesso do peso<\/p>\n<p>Fonte: Ag\u00eancia Brasil<\/p>\n","protected":false},"excerpt":{"rendered":"<p>O Brasil j\u00e1 tem a sua equipe definida para a disputa do Campeonato Mundial Indoor de Atletismo, programado para ser disputado entre os dias 18 e 20 de mar\u00e7o em Belgrado (S\u00e9rvia). A delega\u00e7\u00e3o brasileira, que foi convocada na noite da \u00faltima segunda-feira (7) pela Confedera\u00e7\u00e3o Brasileira de Atletismo (CBAt), \u00e9 formada por 13 atletas [&hellip;]<\/p>\n","protected":false},"author":246,"featured_media":195970,"comment_status":"closed","ping_status":"closed","sticky":false,"template":"","format":"standard","meta":{"footnotes":""},"categories":[436,440,257,439],"tags":[],"class_list":["post-195969","post","type-post","status-publish","format-standard","has-post-thumbnail","hentry","category-destaque-da-semana","category-destaques-do-dia","category-esporte","category-ultima-hora"],"_links":{"self":[{"href":"https:\/\/diarioregionaldigital.com.br\/index.php?rest_route=\/wp\/v2\/posts\/195969","targetHints":{"allow":["GET"]}}],"collection":[{"href":"https:\/\/diarioregionaldigital.com.br\/index.php?rest_route=\/wp\/v2\/posts"}],"about":[{"href":"https:\/\/diarioregionaldigital.com.br\/index.php?rest_route=\/wp\/v2\/types\/post"}],"author":[{"embeddable":true,"href":"https:\/\/diarioregionaldigital.com.br\/index.php?rest_route=\/wp\/v2\/users\/246"}],"replies":[{"embeddable":true,"href":"https:\/\/diarioregionaldigital.com.br\/index.php?rest_route=%2Fwp%2Fv2%2Fcomments&post=195969"}],"version-history":[{"count":1,"href":"https:\/\/diarioregionaldigital.com.br\/index.php?rest_route=\/wp\/v2\/posts\/195969\/revisions"}],"predecessor-version":[{"id":195971,"href":"https:\/\/diarioregionaldigital.com.br\/index.php?rest_route=\/wp\/v2\/posts\/195969\/revisions\/195971"}],"wp:featuredmedia":[{"embeddable":true,"href":"https:\/\/diarioregionaldigital.com.br\/index.php?rest_route=\/wp\/v2\/media\/195970"}],"wp:attachment":[{"href":"https:\/\/diarioregionaldigital.com.br\/index.php?rest_route=%2Fwp%2Fv2%2Fmedia&parent=195969"}],"wp:term":[{"taxonomy":"category","embeddable":true,"href":"https:\/\/diarioregionaldigital.com.br\/index.php?rest_route=%2Fwp%2Fv2%2Fcategories&post=195969"},{"taxonomy":"post_tag","embeddable":true,"href":"https:\/\/diarioregionaldigital.com.br\/index.php?rest_route=%2Fwp%2Fv2%2Ftags&post=195969"}],"curies":[{"name":"wp","href":"https:\/\/api.w.org\/{rel}","templated":true}]}}