{"id":195966,"date":"2022-03-10T13:38:33","date_gmt":"2022-03-10T16:38:33","guid":{"rendered":"https:\/\/diarioregionaldigital.com.br\/?p=195966"},"modified":"2022-03-10T13:38:33","modified_gmt":"2022-03-10T16:38:33","slug":"vacinacao-contra-febre-aftosa-tera-nova-estrategia-em-2022","status":"publish","type":"post","link":"https:\/\/diarioregionaldigital.com.br\/?p=195966","title":{"rendered":"Vacina\u00e7\u00e3o contra febre aftosa ter\u00e1 nova estrat\u00e9gia em 2022"},"content":{"rendered":"<p class=\"text-title-4 \/ clear \/ margin-top-1\">\u00a0Minas Gerais e mais dez estados est\u00e3o na lista de enquadrados na nova estrat\u00e9gia de vacina\u00e7\u00e3o contra a febre aftosa neste ano. Conforme diretriz do Minist\u00e9rio da Agricultura, Pecu\u00e1ria e Abastecimento (Mapa), os \u00f3rg\u00e3os de defesa agropecu\u00e1ria do pa\u00eds &#8211; que comp\u00f5em o bloco IV do\u00a0Plano Estrat\u00e9gico do Programa Nacional de Vigil\u00e2ncia para Aftosa (PNEFA) &#8211; dever\u00e3o,\u00a0na primeira etapa, vacinar\u00a0bovinos e bubalinos de zero a 24 meses. J\u00e1 na segunda, ser\u00e3o imunizados animais de todas as idades. O objetivo \u00e9 garantir a oferta de imunizantes.<\/p>\n<p>A invers\u00e3o das etapas da campanha foi definida ap\u00f3s an\u00e1lise e discuss\u00e3o com \u00f3rg\u00e3os competentes em cada estado. As medidas envolvem n\u00e3o apenas MG, mas tamb\u00e9m\u00a0Distrito Federal, Esp\u00edrito Santo, Goi\u00e1s, Mato Grosso do Sul, Mato Grosso, Rio de Janeiro, Sergipe, S\u00e3o Paulo e Tocantins.<\/p>\n<p>A movimenta\u00e7\u00e3o de animais durante as etapas de vacina\u00e7\u00e3o continuar\u00e1 seguindo as regras da Instru\u00e7\u00e3o Normativa n\u00ba 48\/2020, ou seja, propriedade adimplente com a etapa de vacina\u00e7\u00e3o em curso poder\u00e1 movimentar normalmente seus animais.<\/p>\n<p><strong>Status sanit\u00e1rio<\/strong><\/p>\n<p>No estado, o\u00a0<a href=\"http:\/\/www.ima.mg.gov.br\/\" target=\"_blank\" rel=\"noopener\">Instituto Mineiro de Agropecu\u00e1ria (IMA)<\/a>, \u00e9 o respons\u00e1vel pelo gerenciamento da campanha de imuniza\u00e7\u00e3o contra a febre aftosa. O \u00f3rg\u00e3o \u00e9 vinculado \u00e0\u00a0<a href=\"http:\/\/www.agricultura.mg.gov.br\/\" target=\"_blank\" rel=\"noopener\">Secretaria de Estado de Agricultura, Pecu\u00e1ria e Abastecimento (Seapa)<\/a>.<\/p>\n<p>Como parte do planejamento para melhorar o status sanit\u00e1rio de Minas Gerais em rela\u00e7\u00e3o \u00e0 doen\u00e7a, estrat\u00e9gias para o fortalecimento do sistema de vigil\u00e2ncia tamb\u00e9m s\u00e3o permanentemente adotadas pelo instituto.<\/p>\n<p>\u201cO objetivo \u00e9 promover a\u00e7\u00f5es de detec\u00e7\u00e3o precoce e de resposta r\u00e1pida a emerg\u00eancias sanit\u00e1rias. H\u00e1 cinco componentes de vigil\u00e2ncia para a febre aftosa: as realizadas a partir de notifica\u00e7\u00f5es de suspeitas; em propriedades rurais; em eventos agropecu\u00e1rios; em estabelecimentos de abate; e as para estudos soroepidemiol\u00f3gicos. Esses diferentes componentes do sistema de vigil\u00e2ncia produzem regularmente informa\u00e7\u00f5es que ajudam a tomar decis\u00f5es com base em uma avalia\u00e7\u00e3o de risco precisa, oportuna e objetiva\u201d, explica a diretora t\u00e9cnica do IMA Cristiane Almeida Santos.<\/p>\n<p><strong>Plano estrat\u00e9gico<\/strong><\/p>\n<p>O Plano Estrat\u00e9gico do Programa Nacional de Vigil\u00e2ncia para a Febre Aftosa (PNEFA) cria e mant\u00e9m condi\u00e7\u00f5es sustent\u00e1veis para garantir o status de pa\u00eds livre da febre aftosa, ampliando zonas livres da doen\u00e7a sem vacina\u00e7\u00e3o e protegendo o patrim\u00f4nio pecu\u00e1rio nacional.<\/p>\n<p>O Plano est\u00e1 alinhado com o C\u00f3digo Sanit\u00e1rio para os Animais Terrestres, da Organiza\u00e7\u00e3o Mundial de Sa\u00fade Animal (OIE), e com as diretrizes do Programa Hemisf\u00e9rico de Erradica\u00e7\u00e3o da Febre Aftosa (PHEFA), convergindo com os esfor\u00e7os para a erradica\u00e7\u00e3o da doen\u00e7a na Am\u00e9rica do Sul.<\/p>\n<p>Para realizar a transi\u00e7\u00e3o de status sanit\u00e1rio, foram considerados crit\u00e9rios t\u00e9cnicos, estrat\u00e9gicos, geogr\u00e1ficos e estruturais, que resultaram no agrupamento das Unidades da Federa\u00e7\u00e3o em cinco blocos.<\/p>\n<p>Minas Gerais pertence ao Bloco IV, e busca o novo status sanit\u00e1rio de livre de febre aftosa sem vacina\u00e7\u00e3o, juntamente com Bahia, Mato Grosso do Sul, Goi\u00e1s, Esp\u00edrito Santo, Rio de Janeiro, Sergipe, S\u00e3o Paulo, Tocantins, Distrito Federal e parte do Mato Grosso.<\/p>\n<p>Atualmente, a imuniza\u00e7\u00e3o dos animais \u00e9 fundamental para Minas manter o reconhecimento internacional de \u00e1rea livre de febre aftosa com vacina\u00e7\u00e3o, status concedido pela Organiza\u00e7\u00e3o Mundial de Sa\u00fade (OIE), e que mant\u00e9m importantes acordos internacionais.<\/p>\n<p><strong>Vacina\u00e7\u00e3o em 2022<\/strong><\/p>\n<p>O IMA refor\u00e7a aos pecuaristas que ter\u00e1 vacina\u00e7\u00e3o contra a febre aftosa em todo o estado neste ano.<\/p>\n<p>A\u00a0retirada da imuniza\u00e7\u00e3o est\u00e1 prevista para 2023, conforme avan\u00e7o do programa de retirada da vacina\u00e7\u00e3o, an\u00e1lise e determina\u00e7\u00e3o do Mapa.<\/p>\n<p>Fonte: Ag\u00eancia Minas<\/p>\n","protected":false},"excerpt":{"rendered":"<p>\u00a0Minas Gerais e mais dez estados est\u00e3o na lista de enquadrados na nova estrat\u00e9gia de vacina\u00e7\u00e3o contra a febre aftosa neste ano. Conforme diretriz do Minist\u00e9rio da Agricultura, Pecu\u00e1ria e Abastecimento (Mapa), os \u00f3rg\u00e3os de defesa agropecu\u00e1ria do pa\u00eds &#8211; que comp\u00f5em o bloco IV do\u00a0Plano Estrat\u00e9gico do Programa Nacional de Vigil\u00e2ncia para Aftosa (PNEFA) [&hellip;]<\/p>\n","protected":false},"author":246,"featured_media":195967,"comment_status":"closed","ping_status":"closed","sticky":false,"template":"","format":"standard","meta":{"footnotes":""},"categories":[436,254,439],"tags":[],"class_list":["post-195966","post","type-post","status-publish","format-standard","has-post-thumbnail","hentry","category-destaque-da-semana","category-politica","category-ultima-hora"],"_links":{"self":[{"href":"https:\/\/diarioregionaldigital.com.br\/index.php?rest_route=\/wp\/v2\/posts\/195966","targetHints":{"allow":["GET"]}}],"collection":[{"href":"https:\/\/diarioregionaldigital.com.br\/index.php?rest_route=\/wp\/v2\/posts"}],"about":[{"href":"https:\/\/diarioregionaldigital.com.br\/index.php?rest_route=\/wp\/v2\/types\/post"}],"author":[{"embeddable":true,"href":"https:\/\/diarioregionaldigital.com.br\/index.php?rest_route=\/wp\/v2\/users\/246"}],"replies":[{"embeddable":true,"href":"https:\/\/diarioregionaldigital.com.br\/index.php?rest_route=%2Fwp%2Fv2%2Fcomments&post=195966"}],"version-history":[{"count":1,"href":"https:\/\/diarioregionaldigital.com.br\/index.php?rest_route=\/wp\/v2\/posts\/195966\/revisions"}],"predecessor-version":[{"id":195968,"href":"https:\/\/diarioregionaldigital.com.br\/index.php?rest_route=\/wp\/v2\/posts\/195966\/revisions\/195968"}],"wp:featuredmedia":[{"embeddable":true,"href":"https:\/\/diarioregionaldigital.com.br\/index.php?rest_route=\/wp\/v2\/media\/195967"}],"wp:attachment":[{"href":"https:\/\/diarioregionaldigital.com.br\/index.php?rest_route=%2Fwp%2Fv2%2Fmedia&parent=195966"}],"wp:term":[{"taxonomy":"category","embeddable":true,"href":"https:\/\/diarioregionaldigital.com.br\/index.php?rest_route=%2Fwp%2Fv2%2Fcategories&post=195966"},{"taxonomy":"post_tag","embeddable":true,"href":"https:\/\/diarioregionaldigital.com.br\/index.php?rest_route=%2Fwp%2Fv2%2Ftags&post=195966"}],"curies":[{"name":"wp","href":"https:\/\/api.w.org\/{rel}","templated":true}]}}