{"id":195963,"date":"2022-03-10T13:36:53","date_gmt":"2022-03-10T16:36:53","guid":{"rendered":"https:\/\/diarioregionaldigital.com.br\/?p=195963"},"modified":"2022-03-10T13:36:53","modified_gmt":"2022-03-10T16:36:53","slug":"uemg-aprova-retorno-das-aulas-presenciais-a-partir-de-11-de-abril","status":"publish","type":"post","link":"https:\/\/diarioregionaldigital.com.br\/?p=195963","title":{"rendered":"Uemg aprova retorno das aulas presenciais a partir de 11 de Abril"},"content":{"rendered":"<p>O Conselho Universit\u00e1rio da\u00a0<a href=\"http:\/\/www.uemg.br\/\" target=\"_blank\" rel=\"noopener\">Universidade do Estado de Minas Gerais (Uemg)<\/a>\u00a0aprovou, por unanimidade, em sua primeira reuni\u00e3o ordin\u00e1ria de 2022,\u00a0a retomada integral das atividades pedag\u00f3gicas na modalidade presencial.A delibera\u00e7\u00e3o determina que as aulas do\u00a01\u00ba semestre letivo de 2022, programadas para iniciarem em 11\/4, ocorram de forma presencial.<\/p>\n<p>A delibera\u00e7\u00e3o pontua que devem ser respeitadas as orienta\u00e7\u00f5es sanit\u00e1rias de cada munic\u00edpio, j\u00e1 que a Uemg mant\u00e9m sede em 16 diferentes munic\u00edpios do estado de Minas Gerais, al\u00e9m de oferecer cursos fora de sede em outros dois. O conselho \u00e9 formado por gestores e representantes de professores, estudantes e servidores t\u00e9cnico-administrativos.<\/p>\n<p>De acordo com a\u00a0reitora da universidade, professora Lav\u00ednia Rosa Rodrigues, n\u00e3o h\u00e1 regulamenta\u00e7\u00e3o do Conselho Estadual de Educa\u00e7\u00e3o que possa dar amparo legal para a manuten\u00e7\u00e3o do ensino remoto, uma vez que foi encerrado o entendimento de calamidade p\u00fablica causado pela pandemia de covid-19,. Al\u00e9m disso, a regulamenta\u00e7\u00e3o anterior garantiu a conclus\u00e3o do 2\u00ba semestre letivo de 2021 na modalidade remota.<\/p>\n<p>A estudante T\u00e2nia Maria de Paula, da Escola Guignard, foi uma das participantes que destacaram a necessidade de retomada das aulas presenciais. &#8220;Somos vitoriosos. Eu tenho alegria de ter chegado aqui, mas estamos h\u00e1 dois anos nessa situa\u00e7\u00e3o [em pandemia e estudando por aulas remotas]. Foi horr\u00edvel. Mas chegamos at\u00e9 aqui e precisamos voltar. A universidade se faz com a presen\u00e7a\u201d, destaca.<\/p>\n<p><strong>Retorno seguro<\/strong><\/p>\n<p>A reitoria da Uemg, em conjunto com as diretorias das Unidades Acad\u00eamica e a Comiss\u00e3o Especial para Acompanhamento da covid na universidade, trabalha em um planejamento para que o retorno ao ambiente acad\u00eamico ocorra de forma segura para estudantes, docentes e t\u00e9cnicos. Em breve, ser\u00e3o divulgados protocolos de biosseguran\u00e7a e de orienta\u00e7\u00f5es para o desenvolvimento das atividades pedag\u00f3gicas nas unidades.<\/p>\n<p>A Uemg\u00a0\u00e9 respons\u00e1vel por oferecer 122 cursos de gradua\u00e7\u00e3o presenciais em 18 munic\u00edpios de Minas Gerais e possui uma comunidade acad\u00eamica composta por pouco mais de 23 mil estudantes, 1,5 mil professores e 608 servidores t\u00e9cnico-administrativos, que desde mar\u00e7o de 2020 mantiveram as atividades acad\u00eamicas em regime remoto emergencial.<\/p>\n<p>Fonte: Ag\u00eancia Minas<\/p>\n","protected":false},"excerpt":{"rendered":"<p>O Conselho Universit\u00e1rio da\u00a0Universidade do Estado de Minas Gerais (Uemg)\u00a0aprovou, por unanimidade, em sua primeira reuni\u00e3o ordin\u00e1ria de 2022,\u00a0a retomada integral das atividades pedag\u00f3gicas na modalidade presencial.A delibera\u00e7\u00e3o determina que as aulas do\u00a01\u00ba semestre letivo de 2022, programadas para iniciarem em 11\/4, ocorram de forma presencial. A delibera\u00e7\u00e3o pontua que devem ser respeitadas as orienta\u00e7\u00f5es [&hellip;]<\/p>\n","protected":false},"author":246,"featured_media":195964,"comment_status":"closed","ping_status":"closed","sticky":false,"template":"","format":"standard","meta":{"footnotes":""},"categories":[436,254,439],"tags":[],"class_list":["post-195963","post","type-post","status-publish","format-standard","has-post-thumbnail","hentry","category-destaque-da-semana","category-politica","category-ultima-hora"],"_links":{"self":[{"href":"https:\/\/diarioregionaldigital.com.br\/index.php?rest_route=\/wp\/v2\/posts\/195963","targetHints":{"allow":["GET"]}}],"collection":[{"href":"https:\/\/diarioregionaldigital.com.br\/index.php?rest_route=\/wp\/v2\/posts"}],"about":[{"href":"https:\/\/diarioregionaldigital.com.br\/index.php?rest_route=\/wp\/v2\/types\/post"}],"author":[{"embeddable":true,"href":"https:\/\/diarioregionaldigital.com.br\/index.php?rest_route=\/wp\/v2\/users\/246"}],"replies":[{"embeddable":true,"href":"https:\/\/diarioregionaldigital.com.br\/index.php?rest_route=%2Fwp%2Fv2%2Fcomments&post=195963"}],"version-history":[{"count":1,"href":"https:\/\/diarioregionaldigital.com.br\/index.php?rest_route=\/wp\/v2\/posts\/195963\/revisions"}],"predecessor-version":[{"id":195965,"href":"https:\/\/diarioregionaldigital.com.br\/index.php?rest_route=\/wp\/v2\/posts\/195963\/revisions\/195965"}],"wp:featuredmedia":[{"embeddable":true,"href":"https:\/\/diarioregionaldigital.com.br\/index.php?rest_route=\/wp\/v2\/media\/195964"}],"wp:attachment":[{"href":"https:\/\/diarioregionaldigital.com.br\/index.php?rest_route=%2Fwp%2Fv2%2Fmedia&parent=195963"}],"wp:term":[{"taxonomy":"category","embeddable":true,"href":"https:\/\/diarioregionaldigital.com.br\/index.php?rest_route=%2Fwp%2Fv2%2Fcategories&post=195963"},{"taxonomy":"post_tag","embeddable":true,"href":"https:\/\/diarioregionaldigital.com.br\/index.php?rest_route=%2Fwp%2Fv2%2Ftags&post=195963"}],"curies":[{"name":"wp","href":"https:\/\/api.w.org\/{rel}","templated":true}]}}