{"id":195957,"date":"2022-03-10T13:33:21","date_gmt":"2022-03-10T16:33:21","guid":{"rendered":"https:\/\/diarioregionaldigital.com.br\/?p=195957"},"modified":"2022-03-10T13:33:21","modified_gmt":"2022-03-10T16:33:21","slug":"minas-ultrapassa-a-marca-de-1-milhao-de-doses-contra-covid-aplicadas-em-criancas","status":"publish","type":"post","link":"https:\/\/diarioregionaldigital.com.br\/?p=195957","title":{"rendered":"Minas ultrapassa a marca de 1 milh\u00e3o de doses contra covid aplicadas em crian\u00e7as"},"content":{"rendered":"<p>Minas Gerais ultrapassou, nesta quarta-feira (9\/3), a marca de 1 milh\u00e3o de doses pedi\u00e1tricas da vacina contra a covid-19 aplicadas em crian\u00e7as de cinco a 11 anos. Em quase dois meses de campanha, a cobertura vacinal dos pequenos alcan\u00e7ou 56% do p\u00fablico infantil com a primeira dose. Al\u00e9m disso, cerca de 49 mil crian\u00e7as j\u00e1 receberam a segunda dose da vacina, totalizando 2,6% do p\u00fablico-alvo com duas dosagens. Os dados s\u00e3o do Vacin\u00f4metro.<\/p>\n<p>O n\u00famero pode ser ainda maior, j\u00e1 que muitas prefeituras ainda n\u00e3o enviaram ou est\u00e3o enviando gradualmente os dados de vacina\u00e7\u00e3o para a\u00a0<a href=\"http:\/\/www.saude.mg.gov.br\/\" target=\"_blank\" rel=\"noopener\">Secretaria de Estado de Sa\u00fade (SES-MG)<\/a>. Aproximadamente 1,8 milh\u00e3o de meninos e meninas de cinco a 11 anos est\u00e3o aptos a receber a dose da vacina contra a covid-19 em Minas Gerais.<\/p>\n<p><strong>Informa\u00e7\u00e3o de verdade<\/strong><\/p>\n<p>O secret\u00e1rio de Estado de Sa\u00fade, o m\u00e9dico F\u00e1bio Baccheretti, destacou a efic\u00e1cia dos imunizantes e a import\u00e2ncia da vacina\u00e7\u00e3o infantil para garantir a sa\u00fade dos pequenos. \u201cA vacina \u00e9 segura, tanto Pfizer quanto CoronaVac. \u00c9 a \u00fanica sa\u00edda para a pandemia. Temos muitas doses dispon\u00edveis e muitas crian\u00e7as ainda n\u00e3o foram tomar. N\u00e3o acreditem em fake news, acreditem em informa\u00e7\u00e3o de verdade. Vacinem as crian\u00e7as para proteg\u00ea-las\u201d, enfatizou.<\/p>\n<p>O secret\u00e1rio tamb\u00e9m ressaltou o ritmo da vacina\u00e7\u00e3o infantil no estado. &#8220;No come\u00e7o, houve alguma desconfian\u00e7a, mas \u00e0 medida que foi havendo uma grande procura, as pessoas foram constatando que n\u00e3o havia nada de grave. Desta forma, os pais ou respons\u00e1veis se sentiram mais seguros. J\u00e1 aplicamos um milh\u00e3o de doses em crian\u00e7as e n\u00e3o tivemos nenhum evento adverso grave. Ou seja, a vacina \u00e9 segura e este \u00e9 o caminho que temos em rela\u00e7\u00e3o \u00e0 pandemia&#8221;, disse.<\/p>\n<p>Com apoio da SES-MG e dos profissionais de sa\u00fade, prefeituras est\u00e3o se empenhando na realiza\u00e7\u00e3o de mutir\u00f5es e campanhas de divulga\u00e7\u00e3o da import\u00e2ncia das vacinas para que as crian\u00e7as fiquem protegidas contra o v\u00edrus.<\/p>\n<p>Fonte: Ag\u00eancia Minas<\/p>\n","protected":false},"excerpt":{"rendered":"<p>Minas Gerais ultrapassou, nesta quarta-feira (9\/3), a marca de 1 milh\u00e3o de doses pedi\u00e1tricas da vacina contra a covid-19 aplicadas em crian\u00e7as de cinco a 11 anos. Em quase dois meses de campanha, a cobertura vacinal dos pequenos alcan\u00e7ou 56% do p\u00fablico infantil com a primeira dose. Al\u00e9m disso, cerca de 49 mil crian\u00e7as j\u00e1 [&hellip;]<\/p>\n","protected":false},"author":246,"featured_media":195958,"comment_status":"closed","ping_status":"closed","sticky":false,"template":"","format":"standard","meta":{"footnotes":""},"categories":[436,440,254,439],"tags":[],"class_list":["post-195957","post","type-post","status-publish","format-standard","has-post-thumbnail","hentry","category-destaque-da-semana","category-destaques-do-dia","category-politica","category-ultima-hora"],"_links":{"self":[{"href":"https:\/\/diarioregionaldigital.com.br\/index.php?rest_route=\/wp\/v2\/posts\/195957","targetHints":{"allow":["GET"]}}],"collection":[{"href":"https:\/\/diarioregionaldigital.com.br\/index.php?rest_route=\/wp\/v2\/posts"}],"about":[{"href":"https:\/\/diarioregionaldigital.com.br\/index.php?rest_route=\/wp\/v2\/types\/post"}],"author":[{"embeddable":true,"href":"https:\/\/diarioregionaldigital.com.br\/index.php?rest_route=\/wp\/v2\/users\/246"}],"replies":[{"embeddable":true,"href":"https:\/\/diarioregionaldigital.com.br\/index.php?rest_route=%2Fwp%2Fv2%2Fcomments&post=195957"}],"version-history":[{"count":1,"href":"https:\/\/diarioregionaldigital.com.br\/index.php?rest_route=\/wp\/v2\/posts\/195957\/revisions"}],"predecessor-version":[{"id":195959,"href":"https:\/\/diarioregionaldigital.com.br\/index.php?rest_route=\/wp\/v2\/posts\/195957\/revisions\/195959"}],"wp:featuredmedia":[{"embeddable":true,"href":"https:\/\/diarioregionaldigital.com.br\/index.php?rest_route=\/wp\/v2\/media\/195958"}],"wp:attachment":[{"href":"https:\/\/diarioregionaldigital.com.br\/index.php?rest_route=%2Fwp%2Fv2%2Fmedia&parent=195957"}],"wp:term":[{"taxonomy":"category","embeddable":true,"href":"https:\/\/diarioregionaldigital.com.br\/index.php?rest_route=%2Fwp%2Fv2%2Fcategories&post=195957"},{"taxonomy":"post_tag","embeddable":true,"href":"https:\/\/diarioregionaldigital.com.br\/index.php?rest_route=%2Fwp%2Fv2%2Ftags&post=195957"}],"curies":[{"name":"wp","href":"https:\/\/api.w.org\/{rel}","templated":true}]}}