{"id":195954,"date":"2022-03-10T13:31:23","date_gmt":"2022-03-10T16:31:23","guid":{"rendered":"https:\/\/diarioregionaldigital.com.br\/?p=195954"},"modified":"2022-03-10T13:31:23","modified_gmt":"2022-03-10T16:31:23","slug":"safra-de-graos-chegara-a-2616-milhoes-de-toneladas-em-2022-diz-ibge","status":"publish","type":"post","link":"https:\/\/diarioregionaldigital.com.br\/?p=195954","title":{"rendered":"Safra de gr\u00e3os chegar\u00e1 a 261,6 milh\u00f5es de toneladas em 2022, diz IBGE"},"content":{"rendered":"<p>A safra nacional de gr\u00e3os deve alcan\u00e7ar 261,6 milh\u00f5es de toneladas em 2022, segundo\u00a0a estimativa\u00a0de fevereiro\u00a0do Levantamento Sistem\u00e1tico da Produ\u00e7\u00e3o Agr\u00edcola (LSPA), divulgado\u00a0hoje\u00a0(10) pelo IBGE. O volume representa um recuo de 3,8% na compara\u00e7\u00e3o com a estimativa do m\u00eas anterior. Apesar disso, segundo o IBGE, a colheita deve avan\u00e7ar 3,3% em rela\u00e7\u00e3o a de 2021, quando atingiu 253,2 milh\u00f5es de toneladas, um novo recorde na s\u00e9rie hist\u00f3rica.<img decoding=\"async\" src=\"https:\/\/agenciabrasil.ebc.com.br\/ebc.png?id=1447419&amp;o=node\" \/><img decoding=\"async\" src=\"https:\/\/agenciabrasil.ebc.com.br\/ebc.gif?id=1447419&amp;o=node\" \/><\/p>\n<p>Para o gerente da pesquisa, Carlos Barradas, o resultado foi influenciado por fatores clim\u00e1ticos. \u201cEsse decl\u00ednio na estimativa se deve aos problemas clim\u00e1ticos enfrentados por estados da regi\u00e3o Sul, como Rio Grande do Sul e Paran\u00e1, notadamente a falta de chuvas durante a 1\u00aa\u00a0safra\u201d, disse.<\/p>\n<p>Produ\u00e7\u00e3o da principal\u00a0<em>commodity\u00a0<\/em>do pa\u00eds, a soja\u00a0deve alcan\u00e7ar 123,0 milh\u00f5es de toneladas, o que representa redu\u00e7\u00e3o de 6,7% na compara\u00e7\u00e3o com a estimativa\u00a0de janeiro\u00a0e de 8,8% frene ao \u00faltimo ano. \u201cMesmo com elevados investimentos na produ\u00e7\u00e3o da leguminosa, os efeitos adversos causados pela estiagem t\u00eam afetado drasticamente o desempenho das lavouras de ver\u00e3o nos estados do centro-sul do pa\u00eds\u201d, informou o gerente.<\/p>\n<p>Com a queda estimada em 1,1% em rela\u00e7\u00e3o ao m\u00eas anterior e alta de 23,9% em rela\u00e7\u00e3o a 2021, a produ\u00e7\u00e3o de milho deve chegar a 108,7 milh\u00f5es de toneladas. \u201cAp\u00f3s uma grande queda na produ\u00e7\u00e3o, em 2021, efeitos do atraso do plantio da 2\u00aa safra e da falta de chuvas nos principais estados produtores, espera-se um ano dentro da normalidade o que propiciar\u00e1 a recupera\u00e7\u00e3o das lavouras de milho, inclusive devendo atingir um novo recorde nacional\u201d, completou.<\/p>\n<p>O arroz deve\u00a0ter\u00a0produ\u00e7\u00e3o de 10,7 milh\u00f5es de toneladas, volume que vai corresponder a recuo de 3,2% ante o m\u00eas anterior e de 7,9% ao ano anterior. Carlos Barradas avaliou que a principal respons\u00e1vel pela queda\u00a0foi a forte estiagem na Regi\u00e3o Sul que afetou as lavouras de sequeiro e restringiu a irriga\u00e7\u00e3o de grande parte das demais. Ainda assim, o gerente considerou que o consumo n\u00e3o ser\u00e1 atingido. \u201cTanto a produ\u00e7\u00e3o de arroz, quanto a de feij\u00e3o devem atender ao consumo do mercado interno\u201d, afirmou.<\/p>\n<p>As culturas de soja, de milho e de arroz equivalem a 92,7% da estimativa da produ\u00e7\u00e3o e respondem por 87,7% da \u00e1rea a ser colhida em 2022.<\/p>\n<h2>Varia\u00e7\u00f5es<\/h2>\n<p>Ainda na estimativa\u00a0de fevereiro, houve destaque com varia\u00e7\u00f5es positivas em rela\u00e7\u00e3o a estimativa de\u00a0janeiro na produ\u00e7\u00e3o de milho 2\u00aa safra (0,50%), sorgo (2,3%) e cacau (2,3%). Em sentido contr\u00e1rio, s\u00e3o esperados decl\u00ednios na produ\u00e7\u00e3o do milho 1\u00aa safra (-5,9%), da batata-inglesa 1\u00aa safra (-3,5%), da uva (-1,4%) e da batata-inglesa 2\u00aa safra (-1,0%).<\/p>\n<h2>Regi\u00f5es<\/h2>\n<p>Com os aumentos nas estimativas das regi\u00f5es Nordeste (1,4%) e Norte (3,4%) ante janeiro. A produ\u00e7\u00e3o nessas regi\u00f5es deve atingir 24,7 milh\u00f5es de toneladas e 12,4 milh\u00f5es de toneladas, respectivamente. A maior queda fica para o Sul (13,7%), que deve alcan\u00e7ar 69,2 milh\u00f5es de toneladas. Para o Sudeste com 26,7 milh\u00f5es de toneladas e o Centro-Oeste com 128,4 milh\u00f5es de toneladas n\u00e3o h\u00e1 varia\u00e7\u00e3o nas estimativas de produ\u00e7\u00e3o em rela\u00e7\u00e3o ao m\u00eas anterior.<\/p>\n<h2>Levantamento<\/h2>\n<p>O Levantamento Sistem\u00e1tico da Produ\u00e7\u00e3o Agr\u00edcola (come\u00e7ou em novembro de 1972. A inten\u00e7\u00e3o \u00e9 atender \u00e0s demandas de usu\u00e1rios por informa\u00e7\u00f5es estat\u00edsticas conjunturais mensais, com estimativas de \u00e1rea plantada, \u00e1rea colhida, quantidade produzida e rendimento m\u00e9dio de produtos selecionados baseados em crit\u00e9rios de import\u00e2ncia econ\u00f4mica e social para o pa\u00eds. \u201cEle permite n\u00e3o s\u00f3 o acompanhamento de cada cultura investigada, desde a fase de inten\u00e7\u00e3o de plantio at\u00e9 o final da colheita, no ano civil de refer\u00eancia, como tamb\u00e9m o progn\u00f3stico da safra do ano seguinte, para o qual \u00e9 realizado o levantamento nos meses\u00a0de outubro, novembro e dezembro\u201d, informou o IBGE.<\/p>\n<p>Fonte: Ag\u00eancia Brasil<\/p>\n","protected":false},"excerpt":{"rendered":"<p>A safra nacional de gr\u00e3os deve alcan\u00e7ar 261,6 milh\u00f5es de toneladas em 2022, segundo\u00a0a estimativa\u00a0de fevereiro\u00a0do Levantamento Sistem\u00e1tico da Produ\u00e7\u00e3o Agr\u00edcola (LSPA), divulgado\u00a0hoje\u00a0(10) pelo IBGE. O volume representa um recuo de 3,8% na compara\u00e7\u00e3o com a estimativa do m\u00eas anterior. Apesar disso, segundo o IBGE, a colheita deve avan\u00e7ar 3,3% em rela\u00e7\u00e3o a de 2021, [&hellip;]<\/p>\n","protected":false},"author":246,"featured_media":195955,"comment_status":"closed","ping_status":"closed","sticky":false,"template":"","format":"standard","meta":{"footnotes":""},"categories":[436,261,439],"tags":[],"class_list":["post-195954","post","type-post","status-publish","format-standard","has-post-thumbnail","hentry","category-destaque-da-semana","category-economia","category-ultima-hora"],"_links":{"self":[{"href":"https:\/\/diarioregionaldigital.com.br\/index.php?rest_route=\/wp\/v2\/posts\/195954","targetHints":{"allow":["GET"]}}],"collection":[{"href":"https:\/\/diarioregionaldigital.com.br\/index.php?rest_route=\/wp\/v2\/posts"}],"about":[{"href":"https:\/\/diarioregionaldigital.com.br\/index.php?rest_route=\/wp\/v2\/types\/post"}],"author":[{"embeddable":true,"href":"https:\/\/diarioregionaldigital.com.br\/index.php?rest_route=\/wp\/v2\/users\/246"}],"replies":[{"embeddable":true,"href":"https:\/\/diarioregionaldigital.com.br\/index.php?rest_route=%2Fwp%2Fv2%2Fcomments&post=195954"}],"version-history":[{"count":1,"href":"https:\/\/diarioregionaldigital.com.br\/index.php?rest_route=\/wp\/v2\/posts\/195954\/revisions"}],"predecessor-version":[{"id":195956,"href":"https:\/\/diarioregionaldigital.com.br\/index.php?rest_route=\/wp\/v2\/posts\/195954\/revisions\/195956"}],"wp:featuredmedia":[{"embeddable":true,"href":"https:\/\/diarioregionaldigital.com.br\/index.php?rest_route=\/wp\/v2\/media\/195955"}],"wp:attachment":[{"href":"https:\/\/diarioregionaldigital.com.br\/index.php?rest_route=%2Fwp%2Fv2%2Fmedia&parent=195954"}],"wp:term":[{"taxonomy":"category","embeddable":true,"href":"https:\/\/diarioregionaldigital.com.br\/index.php?rest_route=%2Fwp%2Fv2%2Fcategories&post=195954"},{"taxonomy":"post_tag","embeddable":true,"href":"https:\/\/diarioregionaldigital.com.br\/index.php?rest_route=%2Fwp%2Fv2%2Ftags&post=195954"}],"curies":[{"name":"wp","href":"https:\/\/api.w.org\/{rel}","templated":true}]}}