{"id":195951,"date":"2022-03-10T13:30:17","date_gmt":"2022-03-10T16:30:17","guid":{"rendered":"https:\/\/diarioregionaldigital.com.br\/?p=195951"},"modified":"2022-03-10T13:30:17","modified_gmt":"2022-03-10T16:30:17","slug":"empresas-de-telemarketing-tem-prefixo-obrigatorio-a-partir-de-hoje","status":"publish","type":"post","link":"https:\/\/diarioregionaldigital.com.br\/?p=195951","title":{"rendered":"Empresas de telemarketing t\u00eam prefixo obrigat\u00f3rio a partir de hoje"},"content":{"rendered":"<p>Come\u00e7a a valer, a partir desta\u00a0quinta-feira (10), o uso obrigat\u00f3rio do prefixo 0303 na liga\u00e7\u00f5es realizadas para clientes pelas\u00a0empresas de telemarketing. A mudan\u00e7a, anunciada no final do ano passado pela Ag\u00eancia Nacional de Telecomunica\u00e7\u00f5es (Anatel), tem o objetivo de ajudar os usu\u00e1rios a identificarem facilmente\u00a0esse tipo de\u00a0liga\u00e7\u00e3o e decidir se v\u00e3o aceitar a chamada.<img decoding=\"async\" src=\"https:\/\/agenciabrasil.ebc.com.br\/ebc.png?id=1447384&amp;o=node\" \/><img decoding=\"async\" src=\"https:\/\/agenciabrasil.ebc.com.br\/ebc.gif?id=1447384&amp;o=node\" \/><\/p>\n<p>O\u00a0c\u00f3digo aparecer\u00e1 no in\u00edcio do n\u00famero de qualquer liga\u00e7\u00e3o que vise a ofertar produtos ou servi\u00e7os. As mudan\u00e7as valem\u00a0apenas\u00a0para as prestadoras de telefonia m\u00f3vel. Daqui a 90 dias, dever\u00e3o ser implementadas tamb\u00e9m pelas operadoras de telefonia fixa.<\/p>\n<p>Segundo a Anatel , o uso do c\u00f3digo 0303 ser\u00e1 exclusivo e obrigat\u00f3rio para atividades de telemarketing ativo, pr\u00e1tica de oferta de produtos ou servi\u00e7os por meio de liga\u00e7\u00f5es ou mensagens telef\u00f4nicas, previamente gravadas ou n\u00e3o. A medida determina que as redes de telecomunica\u00e7\u00f5es permitam a identifica\u00e7\u00e3o clara do c\u00f3digo no visor do aparelho.<\/p>\n<p>Al\u00e9m disso, as operadoras dever\u00e3o fazer o bloqueio preventivo de chamadas originadas de telemarketing ativo a pedido do consumidor.\u00a0Tamb\u00e9m caber\u00e1 \u00e0s teles empregar os meios tecnol\u00f3gicos necess\u00e1rio para coibir o uso fora das regras estabelecidas pela Anatel.<\/p>\n<p>Fonte: Ag\u00eancia Brasil<\/p>\n","protected":false},"excerpt":{"rendered":"<p>Come\u00e7a a valer, a partir desta\u00a0quinta-feira (10), o uso obrigat\u00f3rio do prefixo 0303 na liga\u00e7\u00f5es realizadas para clientes pelas\u00a0empresas de telemarketing. A mudan\u00e7a, anunciada no final do ano passado pela Ag\u00eancia Nacional de Telecomunica\u00e7\u00f5es (Anatel), tem o objetivo de ajudar os usu\u00e1rios a identificarem facilmente\u00a0esse tipo de\u00a0liga\u00e7\u00e3o e decidir se v\u00e3o aceitar a chamada. O\u00a0c\u00f3digo [&hellip;]<\/p>\n","protected":false},"author":246,"featured_media":195952,"comment_status":"closed","ping_status":"closed","sticky":false,"template":"","format":"standard","meta":{"footnotes":""},"categories":[436,261,439],"tags":[],"class_list":["post-195951","post","type-post","status-publish","format-standard","has-post-thumbnail","hentry","category-destaque-da-semana","category-economia","category-ultima-hora"],"_links":{"self":[{"href":"https:\/\/diarioregionaldigital.com.br\/index.php?rest_route=\/wp\/v2\/posts\/195951","targetHints":{"allow":["GET"]}}],"collection":[{"href":"https:\/\/diarioregionaldigital.com.br\/index.php?rest_route=\/wp\/v2\/posts"}],"about":[{"href":"https:\/\/diarioregionaldigital.com.br\/index.php?rest_route=\/wp\/v2\/types\/post"}],"author":[{"embeddable":true,"href":"https:\/\/diarioregionaldigital.com.br\/index.php?rest_route=\/wp\/v2\/users\/246"}],"replies":[{"embeddable":true,"href":"https:\/\/diarioregionaldigital.com.br\/index.php?rest_route=%2Fwp%2Fv2%2Fcomments&post=195951"}],"version-history":[{"count":1,"href":"https:\/\/diarioregionaldigital.com.br\/index.php?rest_route=\/wp\/v2\/posts\/195951\/revisions"}],"predecessor-version":[{"id":195953,"href":"https:\/\/diarioregionaldigital.com.br\/index.php?rest_route=\/wp\/v2\/posts\/195951\/revisions\/195953"}],"wp:featuredmedia":[{"embeddable":true,"href":"https:\/\/diarioregionaldigital.com.br\/index.php?rest_route=\/wp\/v2\/media\/195952"}],"wp:attachment":[{"href":"https:\/\/diarioregionaldigital.com.br\/index.php?rest_route=%2Fwp%2Fv2%2Fmedia&parent=195951"}],"wp:term":[{"taxonomy":"category","embeddable":true,"href":"https:\/\/diarioregionaldigital.com.br\/index.php?rest_route=%2Fwp%2Fv2%2Fcategories&post=195951"},{"taxonomy":"post_tag","embeddable":true,"href":"https:\/\/diarioregionaldigital.com.br\/index.php?rest_route=%2Fwp%2Fv2%2Ftags&post=195951"}],"curies":[{"name":"wp","href":"https:\/\/api.w.org\/{rel}","templated":true}]}}