{"id":195945,"date":"2022-03-10T13:22:36","date_gmt":"2022-03-10T16:22:36","guid":{"rendered":"https:\/\/diarioregionaldigital.com.br\/?p=195945"},"modified":"2022-03-10T13:22:36","modified_gmt":"2022-03-10T16:22:36","slug":"vendas-do-varejo-crescem-08-de-dezembro-para-janeiro-diz-ibge","status":"publish","type":"post","link":"https:\/\/diarioregionaldigital.com.br\/?p=195945","title":{"rendered":"Vendas do varejo crescem 0,8% de dezembro para janeiro, diz IBGE"},"content":{"rendered":"<p align=\"left\">O volume de vendas do com\u00e9rcio varejista teve alta de 0,8% na passagem<span id=\"OBJ_PREFIX_DWT152_com_zimbra_date\" role=\"link\">\u00a0de dezembro<\/span>\u00a0de 2021 para janeiro deste ano. Na passagem<span id=\"OBJ_PREFIX_DWT153_com_zimbra_date\" role=\"link\">\u00a0de novembro<\/span>\u00a0para dezembro, o setor teve\u00a0queda de 1,9%. Os dados da Pesquisa Mensal do Com\u00e9rcio (PMC), foram divulgados\u00a0<span id=\"OBJ_PREFIX_DWT145_com_zimbra_date\" role=\"link\"><span id=\"OBJ_PREFIX_DWT154_com_zimbra_date\" role=\"link\">hoje<\/span><\/span>\u00a0(10) pelo Instituto Brasileiro de Geografia e Estat\u00edstica (IBGE).<img decoding=\"async\" src=\"https:\/\/agenciabrasil.ebc.com.br\/ebc.png?id=1447411&amp;o=node\" \/><img decoding=\"async\" src=\"https:\/\/agenciabrasil.ebc.com.br\/ebc.gif?id=1447411&amp;o=node\" \/><\/p>\n<p align=\"left\">No acumulado de 12 meses, o setor tem alta de 1,3%. Na compara\u00e7\u00e3o com janeiro do ano passado, no entanto, o varejo recuou 1,9%, a\u00a0<span id=\"OBJ_PREFIX_DWT146_com_zimbra_date\" role=\"link\"><span id=\"OBJ_PREFIX_DWT155_com_zimbra_date\" role=\"link\">sexta<\/span><\/span>\u00a0queda consecutiva neste tipo de compara\u00e7\u00e3o. Tamb\u00e9m houve perda de 0,2% na m\u00e9dia m\u00f3vel trimestral.<\/p>\n<p align=\"left\">Na passagem<span id=\"OBJ_PREFIX_DWT147_com_zimbra_date\" role=\"link\">\u00a0de dezembro<\/span>\u00a0para janeiro, a alta foi puxada por tr\u00eas equipamentos e material para escrit\u00f3rio inform\u00e1tica e comunica\u00e7\u00e3o\u00a0(0,3%),\u00a0artigos farmac\u00eauticos, m\u00e9dicos, ortop\u00e9dicos e de perfumaria\u00a0(3,8%) e de\u00a0outros artigos de uso pessoal e\u00a0<span id=\"OBJ_PREFIX_DWT148_com_zimbra_date\" role=\"link\"><span id=\"OBJ_PREFIX_DWT156_com_zimbra_date\" role=\"link\">dom<\/span><\/span>\u00e9stico\u00a0(9,4%).<\/p>\n<p align=\"left\">Cinco segmentos tiveram queda: tecidos, vestu\u00e1rio e cal\u00e7ados (-3,9%),\u00a0livros, jornais, revistas e papelaria\u00a0(-2%),\u00a0m\u00f3veis e eletrodom\u00e9sticos\u00a0(-0,6%),\u00a0combust\u00edveis e lubrificantes\u00a0(-0,4%) e\u00a0hiper, supermercados, produtos\u00a0aliment\u00edcios, bebidas e fumo\u00a0(-0,1%).<\/p>\n<p align=\"left\">A receita nominal cresceu 1,5% de dezembro para janeiro, 1% na m\u00e9dia m\u00f3vel trimestral, 10,6% na compara\u00e7\u00e3o com janeiro de 2021 e 14% no acumulado de 12 meses.<\/p>\n<h2 align=\"left\">Varejo ampliado<\/h2>\n<p align=\"left\">O varejo ampliado, que inclui ve\u00edculos e materiais de constru\u00e7\u00e3o, recuou 0,3%, em seu volume de vendas, na passagem<span id=\"OBJ_PREFIX_DWT149_com_zimbra_date\" role=\"link\">\u00a0de dezembro<\/span>\u00a0para janeiro, devido \u00e0s quedas de ve\u00edculos, motos, partes e pe\u00e7as\u00a0(-1,9%) e\u00a0materiais de constru\u00e7\u00e3o\u00a0(-0,3%).<\/p>\n<p align=\"left\">O volume do varejo ampliado tamb\u00e9m teve queda de 1,5% na compara\u00e7\u00e3o com janeiro do ano passado, mas subiu 0,2% na m\u00e9dia m\u00f3vel trimestral e 4,6% no acumulado de 12 meses.<\/p>\n<p align=\"left\">A receita nominal do segmento teve altas de 1,2% na compara\u00e7\u00e3o com dezembro, de 12% em rela\u00e7\u00e3o a janeiro do ano passado e de 18,4% no acumulado de 12 meses.<\/p>\n<p>Fonte: Ag\u00eancia Brasil<\/p>\n","protected":false},"excerpt":{"rendered":"<p>O volume de vendas do com\u00e9rcio varejista teve alta de 0,8% na passagem\u00a0de dezembro\u00a0de 2021 para janeiro deste ano. Na passagem\u00a0de novembro\u00a0para dezembro, o setor teve\u00a0queda de 1,9%. Os dados da Pesquisa Mensal do Com\u00e9rcio (PMC), foram divulgados\u00a0hoje\u00a0(10) pelo Instituto Brasileiro de Geografia e Estat\u00edstica (IBGE). No acumulado de 12 meses, o setor tem alta [&hellip;]<\/p>\n","protected":false},"author":246,"featured_media":195946,"comment_status":"closed","ping_status":"closed","sticky":false,"template":"","format":"standard","meta":{"footnotes":""},"categories":[436,440,261,439],"tags":[],"class_list":["post-195945","post","type-post","status-publish","format-standard","has-post-thumbnail","hentry","category-destaque-da-semana","category-destaques-do-dia","category-economia","category-ultima-hora"],"_links":{"self":[{"href":"https:\/\/diarioregionaldigital.com.br\/index.php?rest_route=\/wp\/v2\/posts\/195945","targetHints":{"allow":["GET"]}}],"collection":[{"href":"https:\/\/diarioregionaldigital.com.br\/index.php?rest_route=\/wp\/v2\/posts"}],"about":[{"href":"https:\/\/diarioregionaldigital.com.br\/index.php?rest_route=\/wp\/v2\/types\/post"}],"author":[{"embeddable":true,"href":"https:\/\/diarioregionaldigital.com.br\/index.php?rest_route=\/wp\/v2\/users\/246"}],"replies":[{"embeddable":true,"href":"https:\/\/diarioregionaldigital.com.br\/index.php?rest_route=%2Fwp%2Fv2%2Fcomments&post=195945"}],"version-history":[{"count":1,"href":"https:\/\/diarioregionaldigital.com.br\/index.php?rest_route=\/wp\/v2\/posts\/195945\/revisions"}],"predecessor-version":[{"id":195947,"href":"https:\/\/diarioregionaldigital.com.br\/index.php?rest_route=\/wp\/v2\/posts\/195945\/revisions\/195947"}],"wp:featuredmedia":[{"embeddable":true,"href":"https:\/\/diarioregionaldigital.com.br\/index.php?rest_route=\/wp\/v2\/media\/195946"}],"wp:attachment":[{"href":"https:\/\/diarioregionaldigital.com.br\/index.php?rest_route=%2Fwp%2Fv2%2Fmedia&parent=195945"}],"wp:term":[{"taxonomy":"category","embeddable":true,"href":"https:\/\/diarioregionaldigital.com.br\/index.php?rest_route=%2Fwp%2Fv2%2Fcategories&post=195945"},{"taxonomy":"post_tag","embeddable":true,"href":"https:\/\/diarioregionaldigital.com.br\/index.php?rest_route=%2Fwp%2Fv2%2Ftags&post=195945"}],"curies":[{"name":"wp","href":"https:\/\/api.w.org\/{rel}","templated":true}]}}