{"id":195936,"date":"2022-03-10T06:00:23","date_gmt":"2022-03-10T09:00:23","guid":{"rendered":"https:\/\/diarioregionaldigital.com.br\/?p=195936"},"modified":"2022-03-09T20:45:09","modified_gmt":"2022-03-09T23:45:09","slug":"palavras-comovem-testemunhos-arrastam-2","status":"publish","type":"post","link":"https:\/\/diarioregionaldigital.com.br\/?p=195936","title":{"rendered":"Palavras Comovem!  Testemunhos Arrastam! &#8211; 10\/03\/2022"},"content":{"rendered":"<p>Meu caro leitor \u00e9 com alegria que novamente estamos chegando at\u00e9 voc\u00ea para mais uma edi\u00e7\u00e3o de palavras comovem mas testemunhos arrastam. Bem sei de sua expectativa para ler os testemunhos aqui apresentados. Hoje teremos dois belos testemunhos. Vamos ao primeiro testemunho: Oi pessoal bom dia,\u00a0 sou de Juiz de fora em novembro\u00a0 de 2021 passei uma mensagem no grupo de S\u00e3o Judas Tadeu\u00a0 pedindo ora\u00e7\u00f5es por que eu ia fazer um transplante e recebi muitas mensagens de apoio e carinho inclusive do Padre Erelis. Gra\u00e7as a Deus e as ora\u00e7\u00f5es de voc\u00eas todos no ter\u00e7o\u00a0 pedindo a intercess\u00e3o de S\u00e3o Judas Tadeu junto ao Divino Pai Eterno pela minha sa\u00fade consegui\u00a0 fazer o transplante em dezembro l\u00e1 em Fortaleza, correu tudo bem e mais uma vez Deus me aben\u00e7oou, hoje 10 de janeiro de 2022 estou bem, vou continuar com as quimioterapias por mais um tempo mas o pior j\u00e1 passou.<\/p>\n<p>Quero dizer muito obrigada de cora\u00e7\u00e3o pelas ora\u00e7\u00f5es e palavras de carinho.<\/p>\n<p>Se Deus quiser daqui a algum tempo eu me junto a voc\u00eas novamente. Agrade\u00e7o a Nossa Senhora Aparecida, ao padre Erelis pelas ora\u00e7\u00f5es feitas por mim pedindo a intercess\u00e3o de S\u00e3o Judas Tadeu junto ao Divino Pai Eterno. Pe\u00e7o a Deus\u00a0 que aben\u00e7oe a todos dando muita sa\u00fade e paz.<\/p>\n<p>Vamos ao segundo testemunho:<\/p>\n<p>[19\/2 13:32] Testemunho Pro Dia 09 de mar\u00e7o: Padre, sua ben\u00e7\u00e3o<\/p>\n<p>A paz<\/p>\n<p>Vim pra contar ao Senhor que a minha irm\u00e3\u00a0 pegou o resultado da bi\u00f3psia e deu tudo certo, era um tumor benigno e foi retirado com sucesso, venho agradecer \u00e0s suas ora\u00e7\u00f5es pois ela est\u00e1 bem, Gra\u00e7as \u00e0s ben\u00e7\u00f5es derramadas por Deus pela intercess\u00e3o de S\u00e3o Judas Tadeu.<\/p>\n<p>[19\/2 13:33] Testemunho Pro Dia 09 De mar\u00e7o: Obrigada, am\u00e9m<\/p>\n<p>[19\/2 13:45] Testemunho Pro Dia 09 De mar\u00e7o : Am\u00e9m, que seja edificante pra muitos devotos e pra quem ainda n\u00e3o t\u00eam f\u00e9. Vejam como milagres acontecem.<\/p>\n<p>Convido voc\u00ea para participar da missa\u00a0 de S\u00e3o Judas Tadeu das causas imposs\u00edveis clamando a miseric\u00f3rdia de Jesus por sa\u00fade e liberta\u00e7\u00e3o as quartas feiras \u00e0s 19h na igreja de Santa Rita e o ter\u00e7o todos os dias\u00a0 \u00e0s 20e30h; \u00e0s 22h pelo Youtube e Facebook do santu\u00e1rio virtual S\u00e3o Judas Tadeu. svsaojudastadeu.com; \u00e0s 07h e 23h pelo Whatzaap.\u00a0 Deixo o n\u00famero do meu celular para me ligarem quando precisar de uma ora\u00e7\u00e3o 988652609 se eu n\u00e3o atender na hora eu retornarei assim que eu ver a liga\u00e7\u00e3o.<\/p>\n","protected":false},"excerpt":{"rendered":"<p>Meu caro leitor \u00e9 com alegria que novamente estamos chegando at\u00e9 voc\u00ea para mais uma edi\u00e7\u00e3o de palavras comovem mas testemunhos arrastam. Bem sei de sua expectativa para ler os testemunhos aqui apresentados. Hoje teremos dois belos testemunhos. Vamos ao primeiro testemunho: Oi pessoal bom dia,\u00a0 sou de Juiz de fora em novembro\u00a0 de 2021 [&hellip;]<\/p>\n","protected":false},"author":96,"featured_media":0,"comment_status":"closed","ping_status":"closed","sticky":false,"template":"","format":"standard","meta":{"footnotes":""},"categories":[1245],"tags":[],"class_list":["post-195936","post","type-post","status-publish","format-standard","hentry","category-padre-erelis"],"_links":{"self":[{"href":"https:\/\/diarioregionaldigital.com.br\/index.php?rest_route=\/wp\/v2\/posts\/195936","targetHints":{"allow":["GET"]}}],"collection":[{"href":"https:\/\/diarioregionaldigital.com.br\/index.php?rest_route=\/wp\/v2\/posts"}],"about":[{"href":"https:\/\/diarioregionaldigital.com.br\/index.php?rest_route=\/wp\/v2\/types\/post"}],"author":[{"embeddable":true,"href":"https:\/\/diarioregionaldigital.com.br\/index.php?rest_route=\/wp\/v2\/users\/96"}],"replies":[{"embeddable":true,"href":"https:\/\/diarioregionaldigital.com.br\/index.php?rest_route=%2Fwp%2Fv2%2Fcomments&post=195936"}],"version-history":[{"count":2,"href":"https:\/\/diarioregionaldigital.com.br\/index.php?rest_route=\/wp\/v2\/posts\/195936\/revisions"}],"predecessor-version":[{"id":195938,"href":"https:\/\/diarioregionaldigital.com.br\/index.php?rest_route=\/wp\/v2\/posts\/195936\/revisions\/195938"}],"wp:attachment":[{"href":"https:\/\/diarioregionaldigital.com.br\/index.php?rest_route=%2Fwp%2Fv2%2Fmedia&parent=195936"}],"wp:term":[{"taxonomy":"category","embeddable":true,"href":"https:\/\/diarioregionaldigital.com.br\/index.php?rest_route=%2Fwp%2Fv2%2Fcategories&post=195936"},{"taxonomy":"post_tag","embeddable":true,"href":"https:\/\/diarioregionaldigital.com.br\/index.php?rest_route=%2Fwp%2Fv2%2Ftags&post=195936"}],"curies":[{"name":"wp","href":"https:\/\/api.w.org\/{rel}","templated":true}]}}