{"id":195920,"date":"2022-03-09T14:22:40","date_gmt":"2022-03-09T17:22:40","guid":{"rendered":"https:\/\/diarioregionaldigital.com.br\/?p=195920"},"modified":"2022-03-09T14:22:40","modified_gmt":"2022-03-09T17:22:40","slug":"programa-boniteza-avanca-com-pavimentacao-e-operacao-tapa-buracos-pelas-vias-da-cidade","status":"publish","type":"post","link":"https:\/\/diarioregionaldigital.com.br\/?p=195920","title":{"rendered":"Programa Boniteza avan\u00e7a com pavimenta\u00e7\u00e3o e opera\u00e7\u00e3o tapa-buracos pelas vias da cidade"},"content":{"rendered":"<p>Segundo informa\u00e7\u00f5es do site da Prefeitura de Juiz de Fora, cumprindo o compromisso de cuidar da cidade, o Programa Boniteza segue com a opera\u00e7\u00e3o tapa-buracos e com a pavimenta\u00e7\u00e3o de ruas em Juiz de Fora. Nesta ter\u00e7a-feira, 8, servidores da Empresa Municipal de Pavimenta\u00e7\u00e3o e Urbaniza\u00e7\u00e3o (Empav) deram in\u00edcio \u00e0 pavimenta\u00e7\u00e3o de mais uma rua. Ap\u00f3s a conclus\u00e3o dos trabalhos na Rua Florida, no bairro Filgueiras, agora \u00e9 a vez da Senhor Am\u00e9rico Mozzato, no Recanto dos Lagos.<\/p>\n<p>Ainda nesta ter\u00e7a, equipes deram continuidade aos trabalhos em outros pontos. Veja abaixo as vias que receberam manuten\u00e7\u00e3o:<\/p>\n<p>Rua Jos\u00e9 Lib\u00e2nio Rodrigues*, no Bandeirantes<\/p>\n<p>Rua S\u00e3o Jos\u00e9*, Vitorino Braga<\/p>\n<p>Rua Clorindo Burnier, Vitorino Braga<\/p>\n<p>Rua Ad\u00e9lia Ferreira Rocha*, Bom Jardim<\/p>\n<p>Rua E*, Bom Jardim<\/p>\n<p>Rua Jo\u00e3o Diniz Pipa*, Benfica<\/p>\n<p>Rua Mar\u00edlia, Benfica<\/p>\n<p>Rua Jo\u00e3o Louren\u00e7o Marcelino, Benfica<\/p>\n<p>Rua Ot\u00edlia de Souza Leal**, Nova Calif\u00f3rnia<\/p>\n<p>Avenida Eug\u00eanio do Nascimento*, Aeroporto<\/p>\n<p>Avenida Brasil**, bairro de Lourdes<\/p>\n<p>Rua Ricardo Schaller*, Alto dos Pinheiros<\/p>\n<p>Rua Carlos Miterhofer, Alto dos Pinheiros<\/p>\n<p>*Vias com servi\u00e7o em andamento<\/p>\n<p>**Vias com trabalhos conclu\u00eddos<\/p>\n<p>Importante ressaltar que a programa\u00e7\u00e3o di\u00e1ria de todas as atividades realizadas pela Empav pode ser acompanhada atrav\u00e9s da p\u00e1gina do Gabinete de A\u00e7\u00e3o e Di\u00e1logo Comunit\u00e1rio, pelo link.<\/p>\n<p>Todas as a\u00e7\u00f5es de reestrutura\u00e7\u00e3o, urbaniza\u00e7\u00e3o e zeladoria realizadas pela Empav fazem parte do Programa Boniteza. Voc\u00ea pode solicitar estes e outros servi\u00e7os atrav\u00e9s do Gabinete de A\u00e7\u00e3o e Di\u00e1logo Comunit\u00e1rio, que recebe e organiza pedidos relativos a interven\u00e7\u00f5es e melhorias urbanas. O contato pode ser feito por liga\u00e7\u00e3o telef\u00f4nica, pelo n\u00famero (32) 3690-7241 ou, ainda, via WhatsApp, utilizando o mesmo n\u00famero.<\/p>\n","protected":false},"excerpt":{"rendered":"<p>Segundo informa\u00e7\u00f5es do site da Prefeitura de Juiz de Fora, cumprindo o compromisso de cuidar da cidade, o Programa Boniteza segue com a opera\u00e7\u00e3o tapa-buracos e com a pavimenta\u00e7\u00e3o de ruas em Juiz de Fora. Nesta ter\u00e7a-feira, 8, servidores da Empresa Municipal de Pavimenta\u00e7\u00e3o e Urbaniza\u00e7\u00e3o (Empav) deram in\u00edcio \u00e0 pavimenta\u00e7\u00e3o de mais uma rua. [&hellip;]<\/p>\n","protected":false},"author":246,"featured_media":195921,"comment_status":"closed","ping_status":"closed","sticky":false,"template":"","format":"standard","meta":{"footnotes":""},"categories":[253,436,439],"tags":[],"class_list":["post-195920","post","type-post","status-publish","format-standard","has-post-thumbnail","hentry","category-cidade","category-destaque-da-semana","category-ultima-hora"],"_links":{"self":[{"href":"https:\/\/diarioregionaldigital.com.br\/index.php?rest_route=\/wp\/v2\/posts\/195920","targetHints":{"allow":["GET"]}}],"collection":[{"href":"https:\/\/diarioregionaldigital.com.br\/index.php?rest_route=\/wp\/v2\/posts"}],"about":[{"href":"https:\/\/diarioregionaldigital.com.br\/index.php?rest_route=\/wp\/v2\/types\/post"}],"author":[{"embeddable":true,"href":"https:\/\/diarioregionaldigital.com.br\/index.php?rest_route=\/wp\/v2\/users\/246"}],"replies":[{"embeddable":true,"href":"https:\/\/diarioregionaldigital.com.br\/index.php?rest_route=%2Fwp%2Fv2%2Fcomments&post=195920"}],"version-history":[{"count":1,"href":"https:\/\/diarioregionaldigital.com.br\/index.php?rest_route=\/wp\/v2\/posts\/195920\/revisions"}],"predecessor-version":[{"id":195922,"href":"https:\/\/diarioregionaldigital.com.br\/index.php?rest_route=\/wp\/v2\/posts\/195920\/revisions\/195922"}],"wp:featuredmedia":[{"embeddable":true,"href":"https:\/\/diarioregionaldigital.com.br\/index.php?rest_route=\/wp\/v2\/media\/195921"}],"wp:attachment":[{"href":"https:\/\/diarioregionaldigital.com.br\/index.php?rest_route=%2Fwp%2Fv2%2Fmedia&parent=195920"}],"wp:term":[{"taxonomy":"category","embeddable":true,"href":"https:\/\/diarioregionaldigital.com.br\/index.php?rest_route=%2Fwp%2Fv2%2Fcategories&post=195920"},{"taxonomy":"post_tag","embeddable":true,"href":"https:\/\/diarioregionaldigital.com.br\/index.php?rest_route=%2Fwp%2Fv2%2Ftags&post=195920"}],"curies":[{"name":"wp","href":"https:\/\/api.w.org\/{rel}","templated":true}]}}