{"id":195917,"date":"2022-03-09T14:21:07","date_gmt":"2022-03-09T17:21:07","guid":{"rendered":"https:\/\/diarioregionaldigital.com.br\/?p=195917"},"modified":"2022-03-09T14:21:07","modified_gmt":"2022-03-09T17:21:07","slug":"defesa-civil-apresenta-projeto-para-escolas-municipais","status":"publish","type":"post","link":"https:\/\/diarioregionaldigital.com.br\/?p=195917","title":{"rendered":"Defesa Civil apresenta projeto para Escolas Municipais"},"content":{"rendered":"<p>Segundo informa\u00e7\u00f5es do site da Prefeitura de Juiz de Fora. nesta ter\u00e7a-feira, 8, a Defesa Civil, vinculada \u00e0 Secretaria de Governo (SG), realizou reuni\u00e3o para discutir a implanta\u00e7\u00e3o do projeto \u201cDefesa Civil nas Escolas\u201d. O encontro contou com a participa\u00e7\u00e3o de representantes do Corpo de Bombeiros Militar do Estado de Minas Gerais (CBMMG) e da Secretaria de Educa\u00e7\u00e3o (SE).<\/p>\n<p>As atividades do \u201cDefesa Civil nas escolas\u201d visam levar no\u00e7\u00f5es b\u00e1sicas de Defesa Civil \u00e0 comunidade escolar das institui\u00e7\u00f5es de ensino municipal. Entre os assuntos abordados no projeto, est\u00e3o: primeiros socorros, preven\u00e7\u00e3o de acidentes, simula\u00e7\u00e3o de situa\u00e7\u00f5es de risco, e treinamentos de evacua\u00e7\u00e3o em caso de emerg\u00eancia.<\/p>\n<p>Como explica a supervisora de voluntariado e educa\u00e7\u00e3o preventiva, Aline Gasparoni, o objetivo \u00e9 que as crian\u00e7as e adolescentes levem os conhecimentos adquiridos com o projeto para seus familiares, amigos e vizinhos. \u201cAtrav\u00e9s da participa\u00e7\u00e3o de professores, alunos e funcion\u00e1rios, busca-se tornar as escolas ambientes seguros e multiplicar uma cultura de resili\u00eancia e preven\u00e7\u00e3o nas comunidades onde est\u00e3o localizadas\u201d, pontua.<\/p>\n","protected":false},"excerpt":{"rendered":"<p>Segundo informa\u00e7\u00f5es do site da Prefeitura de Juiz de Fora. nesta ter\u00e7a-feira, 8, a Defesa Civil, vinculada \u00e0 Secretaria de Governo (SG), realizou reuni\u00e3o para discutir a implanta\u00e7\u00e3o do projeto \u201cDefesa Civil nas Escolas\u201d. O encontro contou com a participa\u00e7\u00e3o de representantes do Corpo de Bombeiros Militar do Estado de Minas Gerais (CBMMG) e da [&hellip;]<\/p>\n","protected":false},"author":246,"featured_media":195918,"comment_status":"closed","ping_status":"closed","sticky":false,"template":"","format":"standard","meta":{"footnotes":""},"categories":[253,436,439],"tags":[],"class_list":["post-195917","post","type-post","status-publish","format-standard","has-post-thumbnail","hentry","category-cidade","category-destaque-da-semana","category-ultima-hora"],"_links":{"self":[{"href":"https:\/\/diarioregionaldigital.com.br\/index.php?rest_route=\/wp\/v2\/posts\/195917","targetHints":{"allow":["GET"]}}],"collection":[{"href":"https:\/\/diarioregionaldigital.com.br\/index.php?rest_route=\/wp\/v2\/posts"}],"about":[{"href":"https:\/\/diarioregionaldigital.com.br\/index.php?rest_route=\/wp\/v2\/types\/post"}],"author":[{"embeddable":true,"href":"https:\/\/diarioregionaldigital.com.br\/index.php?rest_route=\/wp\/v2\/users\/246"}],"replies":[{"embeddable":true,"href":"https:\/\/diarioregionaldigital.com.br\/index.php?rest_route=%2Fwp%2Fv2%2Fcomments&post=195917"}],"version-history":[{"count":1,"href":"https:\/\/diarioregionaldigital.com.br\/index.php?rest_route=\/wp\/v2\/posts\/195917\/revisions"}],"predecessor-version":[{"id":195919,"href":"https:\/\/diarioregionaldigital.com.br\/index.php?rest_route=\/wp\/v2\/posts\/195917\/revisions\/195919"}],"wp:featuredmedia":[{"embeddable":true,"href":"https:\/\/diarioregionaldigital.com.br\/index.php?rest_route=\/wp\/v2\/media\/195918"}],"wp:attachment":[{"href":"https:\/\/diarioregionaldigital.com.br\/index.php?rest_route=%2Fwp%2Fv2%2Fmedia&parent=195917"}],"wp:term":[{"taxonomy":"category","embeddable":true,"href":"https:\/\/diarioregionaldigital.com.br\/index.php?rest_route=%2Fwp%2Fv2%2Fcategories&post=195917"},{"taxonomy":"post_tag","embeddable":true,"href":"https:\/\/diarioregionaldigital.com.br\/index.php?rest_route=%2Fwp%2Fv2%2Ftags&post=195917"}],"curies":[{"name":"wp","href":"https:\/\/api.w.org\/{rel}","templated":true}]}}