{"id":195913,"date":"2022-03-09T14:18:48","date_gmt":"2022-03-09T17:18:48","guid":{"rendered":"https:\/\/diarioregionaldigital.com.br\/?p=195913"},"modified":"2022-03-09T14:18:48","modified_gmt":"2022-03-09T17:18:48","slug":"procon-movel-realizara-atendimento-aos-moradores-do-bairro-linhares-e-regiao","status":"publish","type":"post","link":"https:\/\/diarioregionaldigital.com.br\/?p=195913","title":{"rendered":"Procon M\u00f3vel realizar\u00e1 atendimento aos moradores do bairro Linhares e regi\u00e3o"},"content":{"rendered":"<p>Segundo informa\u00e7\u00f5es do site da Prefeitura de Juiz de Fora, a\u00a0Ag\u00eancia de Prote\u00e7\u00e3o e Defesa do Consumidor (Procon\/JF), da Prefeitura de Juiz de Fora (PJF), disponibilizar\u00e1 a unidade do Procon M\u00f3vel para os moradores da regi\u00e3o do bairro Linhares. A a\u00e7\u00e3o ser\u00e1 realizada na quinta-feira, 10, das 13 \u00e0s 16h30, na Rua Diva Garcia 2.100, em frente \u00e0 Igreja de Nossa Senhora Aparecida. Moradores da regi\u00e3o que tiverem d\u00favidas ou precisarem de orienta\u00e7\u00f5es, poder\u00e3o se dirigir \u00e0 unidade.<\/p>\n<p>De acordo com Aline Rinco, gerente em exerc\u00edcio do Departamento de Estudos, Pesquisas e Projetos, \u201co foco do Procon \u00e9 levar orienta\u00e7\u00e3o e informa\u00e7\u00e3o a todos os espa\u00e7os da cidade\u201d. Ela ressalta, ainda, que \u201ca Unidade M\u00f3vel da ag\u00eancia \u00e9 uma oportunidade para que os consumidores t\u00eam de recorrer ao Procon sem a necessidade de vir ao Centro ou se dirigir at\u00e9 alguma regional\u201d.<\/p>\n<p>A a\u00e7\u00e3o de conscientiza\u00e7\u00e3o conta com distribui\u00e7\u00e3o de materiais impressos informativos, relacionados \u00e0 educa\u00e7\u00e3o para o consumo, com a finalidade de conscientizar o p\u00fablico quanto aos seus direitos e deveres. Equipe especializada de servidores estar\u00e1 dispon\u00edvel, durante o per\u00edodo de atua\u00e7\u00e3o, para atender d\u00favidas dos consumidores, al\u00e9m de promover informa\u00e7\u00f5es sobre o equil\u00edbrio nas rela\u00e7\u00f5es de consumo.<\/p>\n<p>Para casos em que s\u00e3o necess\u00e1rios atendimentos, os consumidores ser\u00e3o orientados a se dirigir aos pontos de atendimento do Procon em Juiz de Fora, e receber\u00e3o orienta\u00e7\u00f5es sobre toda documenta\u00e7\u00e3o que precisam apresentar no primeiro contato com a ag\u00eancia para abrir reclama\u00e7\u00f5es.<\/p>\n<p>Mais informa\u00e7\u00f5es sobre atendimento e direitos do consumidor podem ser solicitadas pelos telefones 3690-7610 e 3690-7611, ou na sede da ag\u00eancia, na Avenida Presidente Itamar Franco, 992, Centro, de segunda a sexta-feira, das 8h30 \u00e0s 17h30.<\/p>\n","protected":false},"excerpt":{"rendered":"<p>Segundo informa\u00e7\u00f5es do site da Prefeitura de Juiz de Fora, a\u00a0Ag\u00eancia de Prote\u00e7\u00e3o e Defesa do Consumidor (Procon\/JF), da Prefeitura de Juiz de Fora (PJF), disponibilizar\u00e1 a unidade do Procon M\u00f3vel para os moradores da regi\u00e3o do bairro Linhares. A a\u00e7\u00e3o ser\u00e1 realizada na quinta-feira, 10, das 13 \u00e0s 16h30, na Rua Diva Garcia 2.100, [&hellip;]<\/p>\n","protected":false},"author":246,"featured_media":195915,"comment_status":"closed","ping_status":"closed","sticky":false,"template":"","format":"standard","meta":{"footnotes":""},"categories":[253,436,440,439],"tags":[],"class_list":["post-195913","post","type-post","status-publish","format-standard","has-post-thumbnail","hentry","category-cidade","category-destaque-da-semana","category-destaques-do-dia","category-ultima-hora"],"_links":{"self":[{"href":"https:\/\/diarioregionaldigital.com.br\/index.php?rest_route=\/wp\/v2\/posts\/195913","targetHints":{"allow":["GET"]}}],"collection":[{"href":"https:\/\/diarioregionaldigital.com.br\/index.php?rest_route=\/wp\/v2\/posts"}],"about":[{"href":"https:\/\/diarioregionaldigital.com.br\/index.php?rest_route=\/wp\/v2\/types\/post"}],"author":[{"embeddable":true,"href":"https:\/\/diarioregionaldigital.com.br\/index.php?rest_route=\/wp\/v2\/users\/246"}],"replies":[{"embeddable":true,"href":"https:\/\/diarioregionaldigital.com.br\/index.php?rest_route=%2Fwp%2Fv2%2Fcomments&post=195913"}],"version-history":[{"count":1,"href":"https:\/\/diarioregionaldigital.com.br\/index.php?rest_route=\/wp\/v2\/posts\/195913\/revisions"}],"predecessor-version":[{"id":195916,"href":"https:\/\/diarioregionaldigital.com.br\/index.php?rest_route=\/wp\/v2\/posts\/195913\/revisions\/195916"}],"wp:featuredmedia":[{"embeddable":true,"href":"https:\/\/diarioregionaldigital.com.br\/index.php?rest_route=\/wp\/v2\/media\/195915"}],"wp:attachment":[{"href":"https:\/\/diarioregionaldigital.com.br\/index.php?rest_route=%2Fwp%2Fv2%2Fmedia&parent=195913"}],"wp:term":[{"taxonomy":"category","embeddable":true,"href":"https:\/\/diarioregionaldigital.com.br\/index.php?rest_route=%2Fwp%2Fv2%2Fcategories&post=195913"},{"taxonomy":"post_tag","embeddable":true,"href":"https:\/\/diarioregionaldigital.com.br\/index.php?rest_route=%2Fwp%2Fv2%2Ftags&post=195913"}],"curies":[{"name":"wp","href":"https:\/\/api.w.org\/{rel}","templated":true}]}}