{"id":195910,"date":"2022-03-09T14:12:47","date_gmt":"2022-03-09T17:12:47","guid":{"rendered":"https:\/\/diarioregionaldigital.com.br\/?p=195910"},"modified":"2022-03-09T14:12:47","modified_gmt":"2022-03-09T17:12:47","slug":"franca-quer-igualdade-de-genero-em-olimpiadas-de-2024","status":"publish","type":"post","link":"https:\/\/diarioregionaldigital.com.br\/?p=195910","title":{"rendered":"Fran\u00e7a quer igualdade de g\u00eanero em Olimp\u00edadas de 2024"},"content":{"rendered":"<p>A busca pela igualdade de g\u00eanero ser\u00e1 uma das prioridades nos Jogos Ol\u00edmpicos de Paris 2024. Segundo a embaixadora da Fran\u00e7a no Brasil, Brigitte Collet, a Fran\u00e7a estabeleceu como objetivo pol\u00edtico para as pr\u00f3ximas Olimp\u00edadas a paridade entre atletas homens e mulheres.<img decoding=\"async\" src=\"https:\/\/agenciabrasil.ebc.com.br\/ebc.png?id=1447094&amp;o=node\" \/><img decoding=\"async\" src=\"https:\/\/agenciabrasil.ebc.com.br\/ebc.gif?id=1447094&amp;o=node\" \/><\/p>\n<p>\u201cCom rela\u00e7\u00e3o \u00e0 paridade de homens e mulheres, n\u00e3o \u00e9 algo que [o pa\u00eds sede dos Jogos Ol\u00edmpicos] pode decidir, mas \u00e9 algo que podemos encorajar, fomentar. \u00c9 o que est\u00e1 fazendo o Comit\u00ea Ol\u00edmpico Nacional e Desportivo da Fran\u00e7a com o Comit\u00ea Ol\u00edmpico Internacional\u201d, explicou Brigitte Collet, durante evento para sobre a igualdade de g\u00eanero no esporte realizado nesta\u00a0<span id=\"OBJ_PREFIX_DWT175_com_zimbra_date\" role=\"link\">ter<\/span>\u00e7a-feira (8), em Bras\u00edlia.<\/p>\n<p>De acordo com a embaixadora, a Fran\u00e7a tamb\u00e9m quer incluir jovens de \u00e1reas menos favorecidas e mostrar que o evento esportivo internacional pode ser realizado com menos impactos ao meio ambiente.<\/p>\n<p>\u201cA Fran\u00e7a quer que os Jogos Ol\u00edmpicos sejam exemplo para o mundo, em todos os campos. Com rela\u00e7\u00e3o \u00e0 igualdade, quer que isso ocorra entre homens e mulheres na participa\u00e7\u00e3o dos atletas, tamb\u00e9m os paral\u00edmpicos. Al\u00e9m disso, deve incluir jovens de zonas menos favorecidas da Fran\u00e7a. O pa\u00eds tamb\u00e9m quer que sejam jogos refer\u00eancia na prote\u00e7\u00e3o do meio ambiente, por exemplo, a Fran\u00e7a est\u00e1 construindo muito poucas instala\u00e7\u00f5es novas. Aproveitando aquilo que j\u00e1 existe, adaptando, acrescentando\u201d, afirmou.<\/p>\n<p>A Fran\u00e7a \u00e9 pioneira nos Jogos Ol\u00edmpicos. Foi em Paris, em 1900, que as mulheres participaram pela primeira vez de uma Olimp\u00edada. Na ocasi\u00e3o, apenas seis atletas participaram do evento. Desde ent\u00e3o, a presen\u00e7a feminina tem crescido. O percentual de mulheres foi de apenas 9% nos Jogos de Los Angeles de 1932, chegou a 45% nos Jogos Ol\u00edmpicos do Rio<span id=\"OBJ_PREFIX_DWT176_com_zimbra_date\" role=\"link\">\u00a0de Janeiro<\/span>, em 2016, e atingiu seu maior \u00edndice, 48,8%, em T\u00f3quio 2020.<\/p>\n<h2>Desafios<\/h2>\n<p>A viv\u00eancia das mulheres no esporte \u00e9 repleta de\u00a0desafios, avan\u00e7os e obst\u00e1culos. Para a esgrimista Amanda Sime\u00e3o, participante dos Jogos Ol\u00edmpicos de 2016, a maternidade \u00e9 um dos assuntos mais delicados entre as atletas. Muitas adiam o sonho de ser m\u00e3e em raz\u00e3o da carreira esportiva.<\/p>\n<p>\u201cA gente, dentro do esporte, tem que planejar tudo. Cada ciclo [ol\u00edmpico] que passa s\u00e3o quatro anos e a cada quatro anos, a gente envelhece. N\u00f3s, mulheres, temos um rel\u00f3gio biol\u00f3gico e acho que temos que ter um preparo. Dentro do esporte, o que me preocupa n\u00e3o apenas a quest\u00e3o da idade ou de poder estar em uma competi\u00e7\u00e3o, mas tamb\u00e9m tem a quest\u00e3o financeira porque se\u00a0<span id=\"OBJ_PREFIX_DWT177_com_zimbra_date\" role=\"link\">hoje<\/span>\u00a0eu engravidar, n\u00e3o vou continuar sendo paga\u201d, argumentou.<\/p>\n<p>De acordo com Amanda, al\u00e9m dos desafios em conciliar treinos, competi\u00e7\u00f5es e uma gesta\u00e7\u00e3o, ainda h\u00e1 o risco de que a pontua\u00e7\u00e3o da atleta\u00a0no ranking de sua categoria seja perdido. H\u00e1 pa\u00edses que \u201ccongelam\u201d o ranking por um per\u00edodo determinado ap\u00f3s a gravidez. No Brasil, no entanto, \u00e9 comum que as atletas percam essa pontua\u00e7\u00e3o.<\/p>\n<p>\u201cPor outro lado, vejo muitas atletas que, depois que foram m\u00e3es, parece que ficam mais ferozes, m\u00e3es leoas\u201d, conta. \u201cN\u00e3o vejo que ser atleta e pensar em ser m\u00e3e seja algo negativo, mas acho que \u00e9 necess\u00e1rio um resguardo de que voc\u00ea vai poder voltar e vai\u00a0<span id=\"OBJ_PREFIX_DWT178_com_zimbra_date\" role=\"link\">ter<\/span>\u00a0apoio\u201d, acrescenta.<\/p>\n<p>Amanda conta que come\u00e7ou no esporte aos 11 anos, quando morava na It\u00e1lia. Para ela, a determina\u00e7\u00e3o e o planejamento s\u00e3o fundamentais na carreira esportiva. &#8220;O meu sonho era ser jogadora de futebol e n\u00e3o tinha time feminino. Eu\u00a0treinava com meninos e tinha v\u00e1rios obst\u00e1culos, como tomar banho. Eu tinha que esperar os meninos usarem o banheiro para depois poder usar&#8221;, conta.<\/p>\n<p>Fonte: Ag\u00eancia Brasil<\/p>\n","protected":false},"excerpt":{"rendered":"<p>A busca pela igualdade de g\u00eanero ser\u00e1 uma das prioridades nos Jogos Ol\u00edmpicos de Paris 2024. Segundo a embaixadora da Fran\u00e7a no Brasil, Brigitte Collet, a Fran\u00e7a estabeleceu como objetivo pol\u00edtico para as pr\u00f3ximas Olimp\u00edadas a paridade entre atletas homens e mulheres. \u201cCom rela\u00e7\u00e3o \u00e0 paridade de homens e mulheres, n\u00e3o \u00e9 algo que [o [&hellip;]<\/p>\n","protected":false},"author":246,"featured_media":195911,"comment_status":"closed","ping_status":"closed","sticky":false,"template":"","format":"standard","meta":{"footnotes":""},"categories":[436,257,439],"tags":[],"class_list":["post-195910","post","type-post","status-publish","format-standard","has-post-thumbnail","hentry","category-destaque-da-semana","category-esporte","category-ultima-hora"],"_links":{"self":[{"href":"https:\/\/diarioregionaldigital.com.br\/index.php?rest_route=\/wp\/v2\/posts\/195910","targetHints":{"allow":["GET"]}}],"collection":[{"href":"https:\/\/diarioregionaldigital.com.br\/index.php?rest_route=\/wp\/v2\/posts"}],"about":[{"href":"https:\/\/diarioregionaldigital.com.br\/index.php?rest_route=\/wp\/v2\/types\/post"}],"author":[{"embeddable":true,"href":"https:\/\/diarioregionaldigital.com.br\/index.php?rest_route=\/wp\/v2\/users\/246"}],"replies":[{"embeddable":true,"href":"https:\/\/diarioregionaldigital.com.br\/index.php?rest_route=%2Fwp%2Fv2%2Fcomments&post=195910"}],"version-history":[{"count":1,"href":"https:\/\/diarioregionaldigital.com.br\/index.php?rest_route=\/wp\/v2\/posts\/195910\/revisions"}],"predecessor-version":[{"id":195912,"href":"https:\/\/diarioregionaldigital.com.br\/index.php?rest_route=\/wp\/v2\/posts\/195910\/revisions\/195912"}],"wp:featuredmedia":[{"embeddable":true,"href":"https:\/\/diarioregionaldigital.com.br\/index.php?rest_route=\/wp\/v2\/media\/195911"}],"wp:attachment":[{"href":"https:\/\/diarioregionaldigital.com.br\/index.php?rest_route=%2Fwp%2Fv2%2Fmedia&parent=195910"}],"wp:term":[{"taxonomy":"category","embeddable":true,"href":"https:\/\/diarioregionaldigital.com.br\/index.php?rest_route=%2Fwp%2Fv2%2Fcategories&post=195910"},{"taxonomy":"post_tag","embeddable":true,"href":"https:\/\/diarioregionaldigital.com.br\/index.php?rest_route=%2Fwp%2Fv2%2Ftags&post=195910"}],"curies":[{"name":"wp","href":"https:\/\/api.w.org\/{rel}","templated":true}]}}