{"id":195906,"date":"2022-03-09T14:10:41","date_gmt":"2022-03-09T17:10:41","guid":{"rendered":"https:\/\/diarioregionaldigital.com.br\/?p=195906"},"modified":"2022-03-09T14:10:41","modified_gmt":"2022-03-09T17:10:41","slug":"luiz-claudio-pereira-multicampeao-paralimpico-morre-aos-60-anos","status":"publish","type":"post","link":"https:\/\/diarioregionaldigital.com.br\/?p=195906","title":{"rendered":"Luiz Cl\u00e1udio Pereira, multicampe\u00e3o paral\u00edmpico, morre aos 60 anos"},"content":{"rendered":"<p>Morreu nesta ter\u00e7a-feira (8), em Medel\u00edn (Col\u00f4mbia), o multicampe\u00e3o pararal\u00edmpico Luiz Cl\u00e1udio Pereira, aos 60 anos. Atual presidente da Associa\u00e7\u00e3o Brasileira de Rugby em cadeira de rodas, Pereira acompanha a sele\u00e7\u00e3o brasileira no Campeonato das Am\u00e9ricas quando faleceu na madrugada de hoje (8), conforme nota de pesar publicada pelo Comit\u00ea Paral\u00edmpico. A causa da morte n\u00e3o foi publicada.<img decoding=\"async\" src=\"https:\/\/agenciabrasil.ebc.com.br\/ebc.png?id=1447004&amp;o=node\" \/><img decoding=\"async\" src=\"https:\/\/agenciabrasil.ebc.com.br\/ebc.gif?id=1447004&amp;o=node\" \/><\/p>\n<p>Quinto maior medalhista paral\u00edmpico do pa\u00eds, Luiz Cl\u00e1udio estava atr\u00e1s apenas dos nadadores Daniel Dias, Andre Brasil e\u00a0\u00a0Clodoaldo Silva, e da\u00a0velocista \u00c1dria Santos (atletismo).\u00a0\u00a0Depois de se aposentar, ele foi\u00a0vice-presidente do CPB, ao lado de Mizael Conrado, no per\u00edodo de 2009 a 2013.<\/p>\n<p>\u201cDia muito triste para o esporte brasileiro, um \u00eddolo que se vai, um amigo que perdemos. Sua contribui\u00e7\u00e3o para a causa da pessoa com defici\u00eancia nunca ser\u00e1 esquecida por n\u00f3s. Muito obrigado por tudo, descanse em paz\u201d, lamentou Mizael Conrado, presidente do CPB.<\/p>\n<p>Luiz Cl\u00e1udio ficou parapl\u00e9gico aos 16 anos, ap\u00f3s um acidente ocorrido durante uma luta de jud\u00f4. Enquanto atleta, ele subiu ao p\u00f3dio nove vezes &#8211; sendo cinco delas com medalha de ouro &#8211; em tr\u00eas edi\u00e7\u00f5es consecutivas da Paralimp\u00edada: em 1984 (Stoke Mandeville\/Inglaterra), em 1988 (Seul\/Coreia do Sul) e 1992 (Barcelona\/Espanha). Ele competiu nas provas de arremesso de peso, lan\u00e7amento de dardo e de disco, al\u00e9m de pentatlo.<\/p>\n<p>Fonte: Ag\u00eancia Brasil<\/p>\n","protected":false},"excerpt":{"rendered":"<p>Morreu nesta ter\u00e7a-feira (8), em Medel\u00edn (Col\u00f4mbia), o multicampe\u00e3o pararal\u00edmpico Luiz Cl\u00e1udio Pereira, aos 60 anos. Atual presidente da Associa\u00e7\u00e3o Brasileira de Rugby em cadeira de rodas, Pereira acompanha a sele\u00e7\u00e3o brasileira no Campeonato das Am\u00e9ricas quando faleceu na madrugada de hoje (8), conforme nota de pesar publicada pelo Comit\u00ea Paral\u00edmpico. A causa da morte [&hellip;]<\/p>\n","protected":false},"author":246,"featured_media":195907,"comment_status":"closed","ping_status":"closed","sticky":false,"template":"","format":"standard","meta":{"footnotes":""},"categories":[436,257,439],"tags":[],"class_list":["post-195906","post","type-post","status-publish","format-standard","has-post-thumbnail","hentry","category-destaque-da-semana","category-esporte","category-ultima-hora"],"_links":{"self":[{"href":"https:\/\/diarioregionaldigital.com.br\/index.php?rest_route=\/wp\/v2\/posts\/195906","targetHints":{"allow":["GET"]}}],"collection":[{"href":"https:\/\/diarioregionaldigital.com.br\/index.php?rest_route=\/wp\/v2\/posts"}],"about":[{"href":"https:\/\/diarioregionaldigital.com.br\/index.php?rest_route=\/wp\/v2\/types\/post"}],"author":[{"embeddable":true,"href":"https:\/\/diarioregionaldigital.com.br\/index.php?rest_route=\/wp\/v2\/users\/246"}],"replies":[{"embeddable":true,"href":"https:\/\/diarioregionaldigital.com.br\/index.php?rest_route=%2Fwp%2Fv2%2Fcomments&post=195906"}],"version-history":[{"count":2,"href":"https:\/\/diarioregionaldigital.com.br\/index.php?rest_route=\/wp\/v2\/posts\/195906\/revisions"}],"predecessor-version":[{"id":195909,"href":"https:\/\/diarioregionaldigital.com.br\/index.php?rest_route=\/wp\/v2\/posts\/195906\/revisions\/195909"}],"wp:featuredmedia":[{"embeddable":true,"href":"https:\/\/diarioregionaldigital.com.br\/index.php?rest_route=\/wp\/v2\/media\/195907"}],"wp:attachment":[{"href":"https:\/\/diarioregionaldigital.com.br\/index.php?rest_route=%2Fwp%2Fv2%2Fmedia&parent=195906"}],"wp:term":[{"taxonomy":"category","embeddable":true,"href":"https:\/\/diarioregionaldigital.com.br\/index.php?rest_route=%2Fwp%2Fv2%2Fcategories&post=195906"},{"taxonomy":"post_tag","embeddable":true,"href":"https:\/\/diarioregionaldigital.com.br\/index.php?rest_route=%2Fwp%2Fv2%2Ftags&post=195906"}],"curies":[{"name":"wp","href":"https:\/\/api.w.org\/{rel}","templated":true}]}}