{"id":195903,"date":"2022-03-09T14:09:16","date_gmt":"2022-03-09T17:09:16","guid":{"rendered":"https:\/\/diarioregionaldigital.com.br\/?p=195903"},"modified":"2022-03-09T14:09:16","modified_gmt":"2022-03-09T17:09:16","slug":"brasil-volta-a-golear-e-avanca-no-sul-americano-sub-17","status":"publish","type":"post","link":"https:\/\/diarioregionaldigital.com.br\/?p=195903","title":{"rendered":"Brasil volta a golear e avan\u00e7a no Sul-Americano sub-17"},"content":{"rendered":"<p>A sele\u00e7\u00e3o feminina sub-17 voltou a mostrar for\u00e7a no Campeonato Sul-Americano da modalidade ao golear o Paraguai por 5 a 0, nesta ter\u00e7a-feira (8) no est\u00e1dio Charr\u00faa, em Montevid\u00e9u (Uruguai), em jogo v\u00e1lido pelo Grupo B da competi\u00e7\u00e3o. Com o triunfo, o Brasil permanece com 100% de aproveitamento, agora com 9 pontos.<img decoding=\"async\" src=\"https:\/\/agenciabrasil.ebc.com.br\/ebc.png?id=1447087&amp;o=node\" \/><img decoding=\"async\" src=\"https:\/\/agenciabrasil.ebc.com.br\/ebc.gif?id=1447087&amp;o=node\" \/><\/p>\n<p>Al\u00e9m da campanha perfeita na competi\u00e7\u00e3o, a vit\u00f3ria garantiu \u00e0 sele\u00e7\u00e3o brasileira a vaga no quadrangular final do Sul-Americano com anteced\u00eancia de uma rodada.<\/p>\n<p>A vit\u00f3ria do Brasil come\u00e7ou a ser constru\u00edda aos 11 minutos, quando Aline chutou por cobertura ap\u00f3s receber de Carol. O segundo veio aos 28 minutos, gra\u00e7as a finaliza\u00e7\u00e3o de fora da \u00e1rea de Ana J\u00falia.<\/p>\n<p>Quatro minutos depois a sele\u00e7\u00e3o ampliou, quando Lara achou Jhonson, que bateu por cobertura. Mas o Brasil queria mais, e o quarto veio com Kedima, ap\u00f3s cobran\u00e7a de falta. Ainda antes do intervalo o time brasileiro chegou aos 5 a 0, com Jhonson aos 42 minutos.<\/p>\n<p>O Brasil volta a entrar em campo pela competi\u00e7\u00e3o contra a Venezuela a partir das 18h30 (hor\u00e1rio de Bras\u00edlia) da pr\u00f3xima quinta-feira (10).<\/p>\n<p>Fonte: Ag\u00eancia Brasil<\/p>\n","protected":false},"excerpt":{"rendered":"<p>A sele\u00e7\u00e3o feminina sub-17 voltou a mostrar for\u00e7a no Campeonato Sul-Americano da modalidade ao golear o Paraguai por 5 a 0, nesta ter\u00e7a-feira (8) no est\u00e1dio Charr\u00faa, em Montevid\u00e9u (Uruguai), em jogo v\u00e1lido pelo Grupo B da competi\u00e7\u00e3o. Com o triunfo, o Brasil permanece com 100% de aproveitamento, agora com 9 pontos. Al\u00e9m da campanha [&hellip;]<\/p>\n","protected":false},"author":246,"featured_media":195904,"comment_status":"closed","ping_status":"closed","sticky":false,"template":"","format":"standard","meta":{"footnotes":""},"categories":[436,257,439],"tags":[],"class_list":["post-195903","post","type-post","status-publish","format-standard","has-post-thumbnail","hentry","category-destaque-da-semana","category-esporte","category-ultima-hora"],"_links":{"self":[{"href":"https:\/\/diarioregionaldigital.com.br\/index.php?rest_route=\/wp\/v2\/posts\/195903","targetHints":{"allow":["GET"]}}],"collection":[{"href":"https:\/\/diarioregionaldigital.com.br\/index.php?rest_route=\/wp\/v2\/posts"}],"about":[{"href":"https:\/\/diarioregionaldigital.com.br\/index.php?rest_route=\/wp\/v2\/types\/post"}],"author":[{"embeddable":true,"href":"https:\/\/diarioregionaldigital.com.br\/index.php?rest_route=\/wp\/v2\/users\/246"}],"replies":[{"embeddable":true,"href":"https:\/\/diarioregionaldigital.com.br\/index.php?rest_route=%2Fwp%2Fv2%2Fcomments&post=195903"}],"version-history":[{"count":1,"href":"https:\/\/diarioregionaldigital.com.br\/index.php?rest_route=\/wp\/v2\/posts\/195903\/revisions"}],"predecessor-version":[{"id":195905,"href":"https:\/\/diarioregionaldigital.com.br\/index.php?rest_route=\/wp\/v2\/posts\/195903\/revisions\/195905"}],"wp:featuredmedia":[{"embeddable":true,"href":"https:\/\/diarioregionaldigital.com.br\/index.php?rest_route=\/wp\/v2\/media\/195904"}],"wp:attachment":[{"href":"https:\/\/diarioregionaldigital.com.br\/index.php?rest_route=%2Fwp%2Fv2%2Fmedia&parent=195903"}],"wp:term":[{"taxonomy":"category","embeddable":true,"href":"https:\/\/diarioregionaldigital.com.br\/index.php?rest_route=%2Fwp%2Fv2%2Fcategories&post=195903"},{"taxonomy":"post_tag","embeddable":true,"href":"https:\/\/diarioregionaldigital.com.br\/index.php?rest_route=%2Fwp%2Fv2%2Ftags&post=195903"}],"curies":[{"name":"wp","href":"https:\/\/api.w.org\/{rel}","templated":true}]}}