{"id":195900,"date":"2022-03-09T14:08:02","date_gmt":"2022-03-09T17:08:02","guid":{"rendered":"https:\/\/diarioregionaldigital.com.br\/?p=195900"},"modified":"2022-03-09T14:08:02","modified_gmt":"2022-03-09T17:08:02","slug":"paralimpiada-cristian-ribera-e-aline-rocha-sao-top-10-no-esqui-sprint","status":"publish","type":"post","link":"https:\/\/diarioregionaldigital.com.br\/?p=195900","title":{"rendered":"Paralimp\u00edada: Cristian Ribera e Aline Rocha s\u00e3o top 10 no esqui sprint"},"content":{"rendered":"<p>O Brasil concluiu sua participa\u00e7\u00e3o na prova de\u00a0<em>sprint<\/em>, a \u00a0mais r\u00e1pida do esqui cross-country, com dois atletas no top 10 da Paralimp\u00edada de Inverno de Pequim. Cristian Ribera, atual vice-campe\u00e3o mundial na prova, terminou na nona posi\u00e7\u00e3o na disputa masculina, entre 38 atletas; e Aline Rocha em d\u00e9cimo lugar na competi\u00e7\u00e3o feminina que reuniu 16 competidoras.<img decoding=\"async\" src=\"https:\/\/agenciabrasil.ebc.com.br\/ebc.png?id=1447186&amp;o=node\" \/><img decoding=\"async\" src=\"https:\/\/agenciabrasil.ebc.com.br\/ebc.gif?id=1447186&amp;o=node\" \/><\/p>\n<p>A dupla chegou a se classificar \u00e0s semifinais, mas cada um terminou em quinto lugar nas respectivas baterias e n\u00e3o avan\u00e7ou. Apenas os tr\u00eas primeiros colocados foram para final. Ribera completou o percurso de 961 metros em 2min59s8, e Aline em 3min55s02.<\/p>\n<p>\u201cSaio feliz desta prova. Acho que cumpri o meu papel. Queria passar para as semifinais e passei em quinto lugar, um resultado muito bom.\u201d, disse Ribera em depoimento ao Comit\u00ea Paral\u00edmpico Brasileiro (CPB).<\/p>\n<p>Na mesma bateria disputada pelo brasileiro estava o favorito da prova: o chin\u00eas\u00a0Peng Zheng [ouro na longa dist\u00e2ncia] e que logo depois tamb\u00e9m venceu a final do\u00a0<em>sprint<\/em>, levando outro ouro. O p\u00f3dio teve dobradinha chinesa: Zhongwu Mao faurou a prata. Em terceiro, com o bronze, ficou o canadense Collin Cameron.<\/p>\n<p>&#8220;O chin\u00eas Peng Zheng \u00a0era praticamente o favorito para esta prova.\u00a0Ele foi muito forte. Eu falo que n\u00e3o existem favoritos, mas com os chineses o cen\u00e1rio muda. Estava muito dif\u00edcil, muito disputado. Todos que passaram para a final foram muito competentes na prova&#8221;, completou.<\/p>\n<p>Top 10 no\u00a0<em>sprint<\/em>, a paraense Aline Rocha, de 31 anos, classificou a competi\u00e7\u00e3o deste ano uma das mais acirradas. .<\/p>\n<p>\u201cEsta prova\u00a0<em>sprint\u00a0<\/em>foi, com certeza, uma das mais dif\u00edceis que j\u00e1 participei, principalmente pelo n\u00edvel t\u00e9cnico das atletas. Nas provas de Copa do Mundo [circuito internacional da modalidade] que eu participei n\u00e3o tinham chinesas em algumas e outras n\u00e3o tinham americanas. Aqui, em Pequim, estavam literalmente as melhores atletas. Isso j\u00e1 faz bater aquela adrenalina e ansiedade durante a prova\u201d, disse a esquiadora, j\u00e1 concentrada na pr\u00f3ximo desafio, no s\u00e1bado (12).<\/p>\n<p>\u201cNa prova de m\u00e9dia dist\u00e2ncia [no s\u00e1bado, dia 12] o percurso \u00e9 um pouco diferente. Na prova longa, t\u00ednhamos muitas curvas, mais trechos inclinados. Agora, teremos uma parte mais plana. S\u00e3o tr\u00eas voltas e eu quero fazer forte desde o in\u00edcio para conseguir a melhor coloca\u00e7\u00e3o. Ser\u00e1 tudo ou nada nesta prova\u201d, concluiu.<\/p>\n<p>O Brasil contou ainda com outros tr\u00eas atletas no\u00a0<em>sprint<\/em>: Robelson Lula encerrou a prova de sprint 18\u00ba lugar geral: Guilherme Rocha em 21\u00ba e Wesley dos Santos na 24\u00aa coloca\u00e7\u00e3o.<\/p>\n<p>Os cinco\u00a0brasileiros voltar\u00e3o a competir\u00a0no pr\u00f3ximo s\u00e1bado (12)\u00a0a partir de 1h30 (hor\u00e1rio de Bras\u00edlia), nas provas de m\u00e9dia dist\u00e2ncia de esqui cross-country (7,5km para mulheres e 10km para homens). No mesmo dia, \u00e0s 23h, haver\u00e1 prova de revezamento misto da modalidade com os atletas brasileiros na pista.<\/p>\n<p>Fonte: Ag\u00eancia Brasil<\/p>\n","protected":false},"excerpt":{"rendered":"<p>O Brasil concluiu sua participa\u00e7\u00e3o na prova de\u00a0sprint, a \u00a0mais r\u00e1pida do esqui cross-country, com dois atletas no top 10 da Paralimp\u00edada de Inverno de Pequim. Cristian Ribera, atual vice-campe\u00e3o mundial na prova, terminou na nona posi\u00e7\u00e3o na disputa masculina, entre 38 atletas; e Aline Rocha em d\u00e9cimo lugar na competi\u00e7\u00e3o feminina que reuniu 16 [&hellip;]<\/p>\n","protected":false},"author":246,"featured_media":195901,"comment_status":"closed","ping_status":"closed","sticky":false,"template":"","format":"standard","meta":{"footnotes":""},"categories":[436,440,257,439],"tags":[],"class_list":["post-195900","post","type-post","status-publish","format-standard","has-post-thumbnail","hentry","category-destaque-da-semana","category-destaques-do-dia","category-esporte","category-ultima-hora"],"_links":{"self":[{"href":"https:\/\/diarioregionaldigital.com.br\/index.php?rest_route=\/wp\/v2\/posts\/195900","targetHints":{"allow":["GET"]}}],"collection":[{"href":"https:\/\/diarioregionaldigital.com.br\/index.php?rest_route=\/wp\/v2\/posts"}],"about":[{"href":"https:\/\/diarioregionaldigital.com.br\/index.php?rest_route=\/wp\/v2\/types\/post"}],"author":[{"embeddable":true,"href":"https:\/\/diarioregionaldigital.com.br\/index.php?rest_route=\/wp\/v2\/users\/246"}],"replies":[{"embeddable":true,"href":"https:\/\/diarioregionaldigital.com.br\/index.php?rest_route=%2Fwp%2Fv2%2Fcomments&post=195900"}],"version-history":[{"count":1,"href":"https:\/\/diarioregionaldigital.com.br\/index.php?rest_route=\/wp\/v2\/posts\/195900\/revisions"}],"predecessor-version":[{"id":195902,"href":"https:\/\/diarioregionaldigital.com.br\/index.php?rest_route=\/wp\/v2\/posts\/195900\/revisions\/195902"}],"wp:featuredmedia":[{"embeddable":true,"href":"https:\/\/diarioregionaldigital.com.br\/index.php?rest_route=\/wp\/v2\/media\/195901"}],"wp:attachment":[{"href":"https:\/\/diarioregionaldigital.com.br\/index.php?rest_route=%2Fwp%2Fv2%2Fmedia&parent=195900"}],"wp:term":[{"taxonomy":"category","embeddable":true,"href":"https:\/\/diarioregionaldigital.com.br\/index.php?rest_route=%2Fwp%2Fv2%2Fcategories&post=195900"},{"taxonomy":"post_tag","embeddable":true,"href":"https:\/\/diarioregionaldigital.com.br\/index.php?rest_route=%2Fwp%2Fv2%2Ftags&post=195900"}],"curies":[{"name":"wp","href":"https:\/\/api.w.org\/{rel}","templated":true}]}}