{"id":195897,"date":"2022-03-09T14:02:55","date_gmt":"2022-03-09T17:02:55","guid":{"rendered":"https:\/\/diarioregionaldigital.com.br\/?p=195897"},"modified":"2022-03-09T14:02:55","modified_gmt":"2022-03-09T17:02:55","slug":"abertas-inscricoes-para-curso-gratuito-de-educacao-ambiental","status":"publish","type":"post","link":"https:\/\/diarioregionaldigital.com.br\/?p=195897","title":{"rendered":"Abertas inscri\u00e7\u00f5es para curso gratuito de Educa\u00e7\u00e3o Ambiental"},"content":{"rendered":"<p>Compartilhar\u00a0informa\u00e7\u00f5es, conceitos e defini\u00e7\u00f5es fundamentais relacionados ao processo de educar e formar cidad\u00e3os ambientalmente respons\u00e1veis \u00e9 o objetivo do curso gratuito de Educa\u00e7\u00e3o Ambiental: Princ\u00edpios, Conceitos e Metodologias. Iniciativa da\u00a0<a href=\"http:\/\/www.meioambiente.mg.gov.br\/\" target=\"_blank\" rel=\"noopener\">Secretaria de Estado de Meio Ambiente e Desenvolvimento Sustent\u00e1vel (Semad)<\/a>, a capacita\u00e7\u00e3o\u00a0 na metodologia de educa\u00e7\u00e3o a dist\u00e2ncia recebe inscri\u00e7\u00f5es at\u00e9 sexta-feira (11\/3), por meio deste\u00a0<a href=\"http:\/\/trilhasdosaber.meioambiente.mg.gov.br\/mod\/feedback\/complete.php?id=10664\" target=\"_blank\" rel=\"noopener\">deste link<\/a>.<\/p>\n<p>Podem participar professores,\u00a0analistas, gestores e dirigentes p\u00fablicos, dirigentes de ONGs, alunos a partir de 16 anos do ensino m\u00e9dio e universit\u00e1rios.<\/p>\n<p>O curso ser\u00e1 disponibilizado na plataforma EAD Trilhas do Saber, a universidade corporativa do Sistema Estadual de Meio Ambiente e Recursos H\u00eddricos (Sisema). As atividades ter\u00e3o in\u00edcio em 15\/3 e seguem at\u00e9 24\/4.<\/p>\n<p><strong>Jovens Mineiros Sustent\u00e1veis<\/strong><\/p>\n<p>De acordo com o analista ambiental da Semad e organizador do curso, Ricardo Cottini, a primeira turma em 2022 ser\u00e1 parte integrante do programa Jovens Mineiros Sustent\u00e1veis, que ir\u00e1 desenvolver atividades de educa\u00e7\u00e3o ambiental para alunos de escolas municipais do ensino fundamental.<\/p>\n<p>\u201cUma das atividades \u00e9 a aplica\u00e7\u00e3o do curso aos professores das escolas dos 73 munic\u00edpios habilitados. Outras pessoas tamb\u00e9m podem fazer o curso, bem como professores de outros munic\u00edpios mineiros e mesmo de outros estados\u201d, afirma.<\/p>\n<p>O subsecret\u00e1rio de Gest\u00e3o Ambiental e Saneamento, Rodrigo Franco, ressalta que o programa Jovens Mineiros Sustent\u00e1veis\u00a0compreende a capacita\u00e7\u00e3o dos professores na tem\u00e1tica educa\u00e7\u00e3o ambiental, al\u00e9m da realiza\u00e7\u00e3o de atividades pr\u00e1ticas com os alunos. De acordo com ele, \u201ca capacita\u00e7\u00e3o oferecida pela Semad, aportar\u00e1 informa\u00e7\u00f5es qualificadas e recursos pedag\u00f3gicos e metodol\u00f3gicos diferenciados, favorecendo o trabalho do professor em sala de aula\u201d.<\/p>\n<p><strong>Curso<\/strong><\/p>\n<p>O curso de Educa\u00e7\u00e3o Ambiental: Princ\u00edpios, Conceitos e Metodologias\u00a0alcan\u00e7ou uma importante marca em sua segunda turma de 2021. Com 2.942 inscri\u00e7\u00f5es realizadas em oito estados brasileiros, o curso registrou ades\u00e3o recorde dentre todas as edi\u00e7\u00f5es do treinamento. O n\u00famero representa\u00a0aumento de 137% em rela\u00e7\u00e3o \u00e0 primeira turma do ano, que registrou 1.240 inscritos. Cerca de 4.500 pessoas das mais diversas categorias de p\u00fablico-alvo j\u00e1 participaram do curso.<\/p>\n<p>Para a secret\u00e1ria de Estado de Meio Ambiente e Desenvolvimento Sustent\u00e1vel, Marilia Melo, \u201co grande n\u00famero de ades\u00e3o registrado nas edi\u00e7\u00f5es de 2021, demonstra o sucesso da capacita\u00e7\u00e3o oferecida pelo\u00a0<a href=\"http:\/\/www.mg.gov.br\/\" target=\"_blank\" rel=\"noopener\">Governo de Minas<\/a>, cuja pesquisa de avalia\u00e7\u00e3o, atingiu um grau de satisfa\u00e7\u00e3o m\u00e9dio de 9 pontos em 10\u201d.<\/p>\n<p><strong>Conte\u00fado<\/strong><\/p>\n<p>O material oferecido demonstra alguns exemplos de projeto e atividades voltadas para a educa\u00e7\u00e3o formal e n\u00e3o formal e visa orientar os indiv\u00edduos quanto \u00e0s rela\u00e7\u00f5es com o ambiente, o contexto social em que vivem e mostrar como se desenvolve a educa\u00e7\u00e3o ambiental dentro do contexto da gest\u00e3o do meio ambiente.<\/p>\n<p>Os conte\u00fados ser\u00e3o disponibilizados na plataforma Trilhas do Saber em formato interativo, com o intuito de propiciar uma aprendizagem mais din\u00e2mica. Ser\u00e3o oferecidos oito m\u00f3dulos: Conceitos; Objetivos; Princ\u00edpios e Fundamentos da Educa\u00e7\u00e3o Ambiental; Hist\u00f3rico da Educa\u00e7\u00e3o Ambiental; Metodologias Pedag\u00f3gicas em Educa\u00e7\u00e3o Ambiental; Processo de Gest\u00e3o Ambiental e a Educa\u00e7\u00e3o Ambiental; Material Complementar; Avalia\u00e7\u00e3o Final. O curso tamb\u00e9m oferece a ferramenta para checklist, que permite ao participante listar e acompanhar seus progressos nas atividades realizadas, exerc\u00edcios avaliativos (dispon\u00edveis em formato de question\u00e1rio) e, ainda, uma avalia\u00e7\u00e3o sobre a satisfa\u00e7\u00e3o com o curso, estrat\u00e9gia de coleta de opini\u00f5es do participante que visa o aperfei\u00e7oamento das a\u00e7\u00f5es educacionais ofertadas.<\/p>\n<p><strong>Aproveitamento<\/strong><\/p>\n<p>Para aprova\u00e7\u00e3o no curso ser\u00e1 necess\u00e1rio a obten\u00e7\u00e3o de 60% do total de pontos distribu\u00eddos, estando o certificado dispon\u00edvel aos participantes que atenderem aos requisitos para aprova\u00e7\u00e3o. O certificado poder\u00e1 ser impresso pelo link presente na se\u00e7\u00e3o de encerramento do curso, mesma \u00e1rea de\u00a0disponibiliza\u00e7\u00e3o do material de todos os conte\u00fados.<\/p>\n<p><span style=\"font-weight: 400;\">Fonte: Ag\u00eancia Minas <\/span><\/p>\n","protected":false},"excerpt":{"rendered":"<p>Compartilhar\u00a0informa\u00e7\u00f5es, conceitos e defini\u00e7\u00f5es fundamentais relacionados ao processo de educar e formar cidad\u00e3os ambientalmente respons\u00e1veis \u00e9 o objetivo do curso gratuito de Educa\u00e7\u00e3o Ambiental: Princ\u00edpios, Conceitos e Metodologias. Iniciativa da\u00a0Secretaria de Estado de Meio Ambiente e Desenvolvimento Sustent\u00e1vel (Semad), a capacita\u00e7\u00e3o\u00a0 na metodologia de educa\u00e7\u00e3o a dist\u00e2ncia recebe inscri\u00e7\u00f5es at\u00e9 sexta-feira (11\/3), por meio deste\u00a0deste [&hellip;]<\/p>\n","protected":false},"author":246,"featured_media":195898,"comment_status":"closed","ping_status":"closed","sticky":false,"template":"","format":"standard","meta":{"footnotes":""},"categories":[436,254,439],"tags":[],"class_list":["post-195897","post","type-post","status-publish","format-standard","has-post-thumbnail","hentry","category-destaque-da-semana","category-politica","category-ultima-hora"],"_links":{"self":[{"href":"https:\/\/diarioregionaldigital.com.br\/index.php?rest_route=\/wp\/v2\/posts\/195897","targetHints":{"allow":["GET"]}}],"collection":[{"href":"https:\/\/diarioregionaldigital.com.br\/index.php?rest_route=\/wp\/v2\/posts"}],"about":[{"href":"https:\/\/diarioregionaldigital.com.br\/index.php?rest_route=\/wp\/v2\/types\/post"}],"author":[{"embeddable":true,"href":"https:\/\/diarioregionaldigital.com.br\/index.php?rest_route=\/wp\/v2\/users\/246"}],"replies":[{"embeddable":true,"href":"https:\/\/diarioregionaldigital.com.br\/index.php?rest_route=%2Fwp%2Fv2%2Fcomments&post=195897"}],"version-history":[{"count":1,"href":"https:\/\/diarioregionaldigital.com.br\/index.php?rest_route=\/wp\/v2\/posts\/195897\/revisions"}],"predecessor-version":[{"id":195899,"href":"https:\/\/diarioregionaldigital.com.br\/index.php?rest_route=\/wp\/v2\/posts\/195897\/revisions\/195899"}],"wp:featuredmedia":[{"embeddable":true,"href":"https:\/\/diarioregionaldigital.com.br\/index.php?rest_route=\/wp\/v2\/media\/195898"}],"wp:attachment":[{"href":"https:\/\/diarioregionaldigital.com.br\/index.php?rest_route=%2Fwp%2Fv2%2Fmedia&parent=195897"}],"wp:term":[{"taxonomy":"category","embeddable":true,"href":"https:\/\/diarioregionaldigital.com.br\/index.php?rest_route=%2Fwp%2Fv2%2Fcategories&post=195897"},{"taxonomy":"post_tag","embeddable":true,"href":"https:\/\/diarioregionaldigital.com.br\/index.php?rest_route=%2Fwp%2Fv2%2Ftags&post=195897"}],"curies":[{"name":"wp","href":"https:\/\/api.w.org\/{rel}","templated":true}]}}