{"id":195891,"date":"2022-03-09T13:58:09","date_gmt":"2022-03-09T16:58:09","guid":{"rendered":"https:\/\/diarioregionaldigital.com.br\/?p=195891"},"modified":"2022-03-09T13:58:09","modified_gmt":"2022-03-09T16:58:09","slug":"unimontes-lanca-premio-mulheres-em-destaque-na-ciencia","status":"publish","type":"post","link":"https:\/\/diarioregionaldigital.com.br\/?p=195891","title":{"rendered":"Unimontes lan\u00e7a pr\u00eamio Mulheres em Destaque na Ci\u00eancia"},"content":{"rendered":"<p>A\u00a0<a href=\"http:\/\/www.unimontes.br\/\" target=\"_blank\" rel=\"noopener\">Universidade Estadual de Montes Claros (Unimontes)<\/a>\u00a0lan\u00e7ou, nesta ter\u00e7a-feira (8\/3), o Pr\u00eamio \u201cMulheres em Destaque na Ci\u00eancia\u201d. A premia\u00e7\u00e3o, conforme sinalizado pela\u00a0Unimontes, foi pensada dentro do esp\u00edrito de que pesquisa \u00e9, sim, coisa de mulher, que precisa ser reconhecida e valorizada.<br \/>\nComo parte das comemora\u00e7\u00f5es pelo Dia Internacional da Mulher, a\u00a0universidade tamb\u00e9m homenageou um grupo de pesquisadoras da institui\u00e7\u00e3o e assinou a portaria que institui a comiss\u00e3o organizadora do pr\u00eamio.<\/p>\n<p>\u201cEsta homenagem \u00e9 muito significativa. \u00c9 uma homenagem de respeito e reconhecimento \u00e0s mulheres, que est\u00e3o presentes na ci\u00eancia e nas universidades. \u00c9 um reconhecimento a todas as mulheres que ocupam posi\u00e7\u00f5es de destaque e representatividade na sociedade, mas, tamb\u00e9m, \u00e0quelas que levam uma vida simples e s\u00e3o muito importantes em nossa conviv\u00eancia\u201d, afirma o reitor Antonio Alvimar Souza. &#8220;A universidade tem uma import\u00e2ncia muito significativa no reconhecimento ao papel da mulher&#8221;, completa Antonio, que presidiu a solenidade ao lado da vice-reitora, professora Ilva Ruas de Abreu.<\/p>\n<p>O professor Antonio Alvimar Souza enalteceu a import\u00e2ncia da data. \u201cSomente quem n\u00e3o se debru\u00e7ou sobre os livros de Hist\u00f3ria \u00e9 que n\u00e3o se sensibiliza com esta data. Temos uma sociedade que ainda precisa fazer muito pelas mulheres. Nada melhor do que come\u00e7ar isso por uma institui\u00e7\u00e3o de educa\u00e7\u00e3o superior. A Universidade tem uma import\u00e2ncia muito significativa no reconhecimento ao papel da mulher\u201d, enfatizou.<\/p>\n<p><strong>Diferencial<\/strong><\/p>\n<p>A vice-reitora Ilva Ruas de Abreu chama\u00a0aten\u00e7\u00e3o para a luta pela igualdade e pelos direitos do sexo feminino. O lan\u00e7amento do pr\u00eamio, para ela, \u00e9 um diferencial.<\/p>\n<p>\u201cAo instituir este pr\u00eamio, acreditamos que as quest\u00f5es de g\u00eanero na ci\u00eancia devem ser superadas. A presen\u00e7a e a valoriza\u00e7\u00e3o das mulheres na pesquisa s\u00e3o fundamentais no momento pol\u00edtico atual. As mulheres s\u00e3o mais da metade das cientistas brasileiras, mas elas ainda est\u00e3o \u00e0 margem dos espa\u00e7os de poder no campo associativo e de gest\u00e3o da ci\u00eancia\u201d, observa.<\/p>\n<p>Segundo Ilva, a\u00a0data 8 de mar\u00e7o sempre foi um dia de luta. &#8220;E n\u00f3s, mulheres, professoras e pesquisadoras nas universidades, estamos juntas nas diversas batalhas, por mais valoriza\u00e7\u00e3o da ci\u00eancia, mais cursos de p\u00f3s-gradua\u00e7\u00e3o e bolsas de inicia\u00e7\u00e3o cient\u00edfica, que s\u00e3o fundamentais para a forma\u00e7\u00e3o de novas gera\u00e7\u00f5es de cientistas no Brasil\u201d, completa.<\/p>\n<p>A\u00a0vice-reitora enfatiza, ainda, que\u00a0\u201ca igualdade de g\u00eanero em qualquer setor econ\u00f4mico e, particularmente, na ci\u00eancia, passa necessariamente por um jeito diferente de educar nossa sociedade \u2013 n\u00e3o s\u00f3 elas, mas tamb\u00e9m eles. Ci\u00eancia \u00e9 coisa de mulhe,r sim. N\u00f3s, mulheres, professoras, cientistas, m\u00e3es, educadoras, precisamos mostrar esses valores, demonstrar que, movidas pela coragem e pela perseveran\u00e7a, as mulheres conseguiram romper um universo rigidamente masculino\u201d, destaca.<\/p>\n<p><strong>Proposta<\/strong><\/p>\n<p>Os objetivos da premia\u00e7\u00e3o foram apresentados pela pr\u00f3-reitora da Pesquisa da Unimontes, professora Clarice Corsato.<\/p>\n<p>A comiss\u00e3o de\u00a0cria\u00e7\u00e3o do pr\u00eamio ser\u00e1\u00a0formada por seis docentes da universidade,\u00a0representando cada uma das \u00e1reas de conhecimento: Adelica Aparecida Xavier (Ci\u00eancias Agr\u00e1rias), Maril\u00e9ia Chaves Andrade (Ci\u00eancias da Sa\u00fade), Patr\u00edcia Takaki Neves (Exatas), B\u00e1rbara Figueiredo Souto (Ci\u00eancias Humanas), Wagner de Paulo Santiago (Ci\u00eancias Sociais Aplicadas) e Dario Alves de Oliveira (Biol\u00f3gicas). Eles ser\u00e3o os respons\u00e1veis pela elabora\u00e7\u00e3o dos editais e pela defini\u00e7\u00e3o dos crit\u00e9rios de avalia\u00e7\u00e3o da premia\u00e7\u00e3o.<\/p>\n<p>O evento contou tamb\u00e9m com a participa\u00e7\u00e3o do pr\u00f3-reitor adjunto de Pesquisa, professor Rafael de Moura.<\/p>\n<p><strong>Homenagem<\/strong><\/p>\n<p>Durante o evento comemorativo ao Dia Internacional da Mulher na Unimontes, foram prestadas homenagens \u00e0s professoras pesquisadoras da universidade, representadas pelas bolsistas de produtividade do Conselho Nacional do Desenvolvimento e Tecnol\u00f3gico (CNPq).<\/p>\n<p>As homenageadas foram as professoras pesquisadoras Yule Roberta Nunes e Maria Ol\u00edvia Sim\u00f5es, ambas do Departamento de Ci\u00eancias Biol\u00f3gicas; Andr\u00e9a Eleut\u00e9rio Martins e Desir\u00e9e Haikal, do Departamento de Odontologia; Marise Silveira, do Departamento de Ci\u00eancias Exatas; e Cl\u00e1udia\u00a0Maia, do Departamento de Hist\u00f3ria.<\/p>\n<p>A palestra virtual &#8220;As Mulheres na ci\u00eancia: desafios e perspectivas por meio de uma trajet\u00f3ria de sucesso\u201d fechou a programa\u00e7\u00e3o. O tema foi apresentado pela\u00a0pesquisadora Vanessa de Castro, brasileira que integra a equipe da Ag\u00eancia Internacional de Energia At\u00f4mica (IAEA), com sede na \u00c1ustria.\u00a0Ela \u00e9 uma das refer\u00eancias mundiais no desenvolvimento de pesquisas relacionadas aos tratamentos fitossanit\u00e1rios (com fins quarenten\u00e1rios) a partir da irradia\u00e7\u00e3o, frio e calor junto aos Laborat\u00f3rios da Organiza\u00e7\u00e3o das Na\u00e7\u00f5es Unidas para Alimenta\u00e7\u00e3o e Agricultura (FAO) e da pr\u00f3pria IAEA.<\/p>\n<p>Fonte: Ag\u00eancia Minas<\/p>\n","protected":false},"excerpt":{"rendered":"<p>A\u00a0Universidade Estadual de Montes Claros (Unimontes)\u00a0lan\u00e7ou, nesta ter\u00e7a-feira (8\/3), o Pr\u00eamio \u201cMulheres em Destaque na Ci\u00eancia\u201d. A premia\u00e7\u00e3o, conforme sinalizado pela\u00a0Unimontes, foi pensada dentro do esp\u00edrito de que pesquisa \u00e9, sim, coisa de mulher, que precisa ser reconhecida e valorizada. Como parte das comemora\u00e7\u00f5es pelo Dia Internacional da Mulher, a\u00a0universidade tamb\u00e9m homenageou um grupo de [&hellip;]<\/p>\n","protected":false},"author":246,"featured_media":195892,"comment_status":"closed","ping_status":"closed","sticky":false,"template":"","format":"standard","meta":{"footnotes":""},"categories":[436,254,439],"tags":[],"class_list":["post-195891","post","type-post","status-publish","format-standard","has-post-thumbnail","hentry","category-destaque-da-semana","category-politica","category-ultima-hora"],"_links":{"self":[{"href":"https:\/\/diarioregionaldigital.com.br\/index.php?rest_route=\/wp\/v2\/posts\/195891","targetHints":{"allow":["GET"]}}],"collection":[{"href":"https:\/\/diarioregionaldigital.com.br\/index.php?rest_route=\/wp\/v2\/posts"}],"about":[{"href":"https:\/\/diarioregionaldigital.com.br\/index.php?rest_route=\/wp\/v2\/types\/post"}],"author":[{"embeddable":true,"href":"https:\/\/diarioregionaldigital.com.br\/index.php?rest_route=\/wp\/v2\/users\/246"}],"replies":[{"embeddable":true,"href":"https:\/\/diarioregionaldigital.com.br\/index.php?rest_route=%2Fwp%2Fv2%2Fcomments&post=195891"}],"version-history":[{"count":1,"href":"https:\/\/diarioregionaldigital.com.br\/index.php?rest_route=\/wp\/v2\/posts\/195891\/revisions"}],"predecessor-version":[{"id":195893,"href":"https:\/\/diarioregionaldigital.com.br\/index.php?rest_route=\/wp\/v2\/posts\/195891\/revisions\/195893"}],"wp:featuredmedia":[{"embeddable":true,"href":"https:\/\/diarioregionaldigital.com.br\/index.php?rest_route=\/wp\/v2\/media\/195892"}],"wp:attachment":[{"href":"https:\/\/diarioregionaldigital.com.br\/index.php?rest_route=%2Fwp%2Fv2%2Fmedia&parent=195891"}],"wp:term":[{"taxonomy":"category","embeddable":true,"href":"https:\/\/diarioregionaldigital.com.br\/index.php?rest_route=%2Fwp%2Fv2%2Fcategories&post=195891"},{"taxonomy":"post_tag","embeddable":true,"href":"https:\/\/diarioregionaldigital.com.br\/index.php?rest_route=%2Fwp%2Fv2%2Ftags&post=195891"}],"curies":[{"name":"wp","href":"https:\/\/api.w.org\/{rel}","templated":true}]}}