{"id":195882,"date":"2022-03-09T13:48:52","date_gmt":"2022-03-09T16:48:52","guid":{"rendered":"https:\/\/diarioregionaldigital.com.br\/?p=195882"},"modified":"2022-03-09T13:48:52","modified_gmt":"2022-03-09T16:48:52","slug":"producao-industrial-recua-24-em-janeiro","status":"publish","type":"post","link":"https:\/\/diarioregionaldigital.com.br\/?p=195882","title":{"rendered":"Produ\u00e7\u00e3o industrial recua 2,4% em janeiro"},"content":{"rendered":"<p>A produ\u00e7\u00e3o industrial recuou 2,4% em janeiro de 2022 frente ao m\u00eas anterior, eliminando, assim, grande parte da expans\u00e3o de 2,9% de dezembro de 2021. Com o resultado, a ind\u00fastria est\u00e1 3,5% abaixo do patamar de antes do in\u00edcio da pandemia de covid-19, em fevereiro de 2020, e 19,8% abaixo do n\u00edvel recorde alcan\u00e7ado em maio de 2011. Em rela\u00e7\u00e3o janeiro de 2021, a queda foi de 7,2%.<img decoding=\"async\" src=\"https:\/\/agenciabrasil.ebc.com.br\/ebc.png?id=1447146&amp;o=node\" \/><img decoding=\"async\" src=\"https:\/\/agenciabrasil.ebc.com.br\/ebc.gif?id=1447146&amp;o=node\" \/><\/p>\n<p>Os dados s\u00e3o da Pesquisa Industrial Mensal, divulgada hoje (9), no Rio de Janeiro, pelo Instituto Brasileiro de Geografia e Estat\u00edstica (IBGE).<\/p>\n<p>\u201cVerificamos que o m\u00eas de janeiro est\u00e1 bem caracterizado pela perda de dinamismo e de perfil disseminado de queda, uma vez que todas as grandes categorias econ\u00f4micas mostram recuo na produ\u00e7\u00e3o, tanto na compara\u00e7\u00e3o com o m\u00eas anterior quanto na compara\u00e7\u00e3o com janeiro de 2021\u201d, disse, em nota, o gerente da pesquisa, Andr\u00e9 Macedo.<\/p>\n<p>Segundo ele, a expans\u00e3o verificada em dezembro de 2021 pode ter rela\u00e7\u00e3o com a antecipa\u00e7\u00e3o da produ\u00e7\u00e3o, porque janeiro \u00e9 um m\u00eas marcado por f\u00e9rias coletivas.<\/p>\n<p>Observou que o comportamento negativo do setor industrial registrado em janeiro \u00e9 algo que j\u00e1 vem sendo observado h\u00e1 mais tempo, com o ano de 2021 tendo registrado oito taxas negativas.<\/p>\n<p>\u201cAt\u00e9 no indicador acumulado dos \u00faltimos 12 meses, no qual a ind\u00fastria permanece em crescimento, com expans\u00e3o de 3,1%, os avan\u00e7os perdem cada vez mais a intensidade. Em agosto de 2021, a taxa chegou a 7,2%. Em setembro, foi para 6,5%, 5,7% em outubro, 5% em novembro e 3,9% em dezembro.\u201d, afirmou Macedo.<\/p>\n<h2>Maioria das atividades em queda<\/h2>\n<p>Na compara\u00e7\u00e3o com dezembro de 2021, 20 das 26 atividades industriais pesquisadas tiveram queda na produ\u00e7\u00e3o. Frente a janeiro de 2021, 18 registraram recuo.<\/p>\n<p>\u201cA ind\u00fastria vem sendo afetada pela desarticula\u00e7\u00e3o das cadeias produtivas por conta da pandemia, tendo no encarecimento dos custos de produ\u00e7\u00e3o e na dificuldade para obten\u00e7\u00e3o de insumos e mat\u00e9ria-prima para a produ\u00e7\u00e3o do bem final, caracter\u00edsticas importantes desse processo. Al\u00e9m disso, os juros e a infla\u00e7\u00e3o em eleva\u00e7\u00e3o, juntamente com um n\u00famero ainda elevado de trabalhadores fora do mercado de trabalho, ajudam a explicar o comportamento negativo da ind\u00fastria.\u201d, avaliou Macedo.<\/p>\n<p>Segundo o IBGE, entre as atividades, as influ\u00eancias negativas mais importantes na passagem de dezembro de 2021 para janeiro de 2022 foram registradas por ve\u00edculos automotores, reboques e carrocerias (-17,4%) e ind\u00fastrias extrativas (-5,2%), ap\u00f3s acumularem expans\u00e3o de 18,2% e de 6% nos dois \u00faltimos meses de 2021, respectivamente. Frente a janeiro de 2021, essas atividades foram as que mais impactaram negativamente o \u00edndice geral, com queda de 23,5% na primeira e de 6,7% na segunda.<\/p>\n<p>\u201cO segmento de ve\u00edculos automotores \u00e9 um exemplo importante de desarticula\u00e7\u00e3o da cadeia produtiva, j\u00e1 que tem dificuldades na obten\u00e7\u00e3o de insumos importantes para a produ\u00e7\u00e3o do bem final. J\u00e1 o setor extrativo, em janeiro de 2022 teve a extra\u00e7\u00e3o do min\u00e9rio de ferro bastante afetada pelas chuvas em Minas Gerais\u201d, disse o gerente da pesquisa.<\/p>\n<p>Fonte: Ag\u00eancia Brasil<\/p>\n","protected":false},"excerpt":{"rendered":"<p>A produ\u00e7\u00e3o industrial recuou 2,4% em janeiro de 2022 frente ao m\u00eas anterior, eliminando, assim, grande parte da expans\u00e3o de 2,9% de dezembro de 2021. Com o resultado, a ind\u00fastria est\u00e1 3,5% abaixo do patamar de antes do in\u00edcio da pandemia de covid-19, em fevereiro de 2020, e 19,8% abaixo do n\u00edvel recorde alcan\u00e7ado em [&hellip;]<\/p>\n","protected":false},"author":246,"featured_media":195883,"comment_status":"closed","ping_status":"closed","sticky":false,"template":"","format":"standard","meta":{"footnotes":""},"categories":[436,261,439],"tags":[],"class_list":["post-195882","post","type-post","status-publish","format-standard","has-post-thumbnail","hentry","category-destaque-da-semana","category-economia","category-ultima-hora"],"_links":{"self":[{"href":"https:\/\/diarioregionaldigital.com.br\/index.php?rest_route=\/wp\/v2\/posts\/195882","targetHints":{"allow":["GET"]}}],"collection":[{"href":"https:\/\/diarioregionaldigital.com.br\/index.php?rest_route=\/wp\/v2\/posts"}],"about":[{"href":"https:\/\/diarioregionaldigital.com.br\/index.php?rest_route=\/wp\/v2\/types\/post"}],"author":[{"embeddable":true,"href":"https:\/\/diarioregionaldigital.com.br\/index.php?rest_route=\/wp\/v2\/users\/246"}],"replies":[{"embeddable":true,"href":"https:\/\/diarioregionaldigital.com.br\/index.php?rest_route=%2Fwp%2Fv2%2Fcomments&post=195882"}],"version-history":[{"count":1,"href":"https:\/\/diarioregionaldigital.com.br\/index.php?rest_route=\/wp\/v2\/posts\/195882\/revisions"}],"predecessor-version":[{"id":195884,"href":"https:\/\/diarioregionaldigital.com.br\/index.php?rest_route=\/wp\/v2\/posts\/195882\/revisions\/195884"}],"wp:featuredmedia":[{"embeddable":true,"href":"https:\/\/diarioregionaldigital.com.br\/index.php?rest_route=\/wp\/v2\/media\/195883"}],"wp:attachment":[{"href":"https:\/\/diarioregionaldigital.com.br\/index.php?rest_route=%2Fwp%2Fv2%2Fmedia&parent=195882"}],"wp:term":[{"taxonomy":"category","embeddable":true,"href":"https:\/\/diarioregionaldigital.com.br\/index.php?rest_route=%2Fwp%2Fv2%2Fcategories&post=195882"},{"taxonomy":"post_tag","embeddable":true,"href":"https:\/\/diarioregionaldigital.com.br\/index.php?rest_route=%2Fwp%2Fv2%2Ftags&post=195882"}],"curies":[{"name":"wp","href":"https:\/\/api.w.org\/{rel}","templated":true}]}}