{"id":195879,"date":"2022-03-09T13:47:44","date_gmt":"2022-03-09T16:47:44","guid":{"rendered":"https:\/\/diarioregionaldigital.com.br\/?p=195879"},"modified":"2022-03-09T13:47:44","modified_gmt":"2022-03-09T16:47:44","slug":"cni-so-10-das-empresas-usam-financiamento-publico-para-pesquisa","status":"publish","type":"post","link":"https:\/\/diarioregionaldigital.com.br\/?p=195879","title":{"rendered":"CNI: s\u00f3 10% das empresas usam financiamento p\u00fablico para pesquisa"},"content":{"rendered":"<p>Levantamento feito pela Confedera\u00e7\u00e3o Nacional da Ind\u00fastria (CNI) com 196 empresas com mais de 50 funcion\u00e1rios mostra que apenas 10% delas utilizaram linhas de financiamento de institui\u00e7\u00f5es financeiras ou organismos p\u00fablicos para obter recursos destinados \u00e0 \u00e1rea de pesquisa e desenvolvimento (P&amp;D) em 2020.\u00a0<img decoding=\"async\" src=\"https:\/\/agenciabrasil.ebc.com.br\/ebc.png?id=1447117&amp;o=node\" \/><img decoding=\"async\" src=\"https:\/\/agenciabrasil.ebc.com.br\/ebc.gif?id=1447117&amp;o=node\" \/><\/p>\n<p>De acordo com a pesquisa divulgada\u00a0hoje\u00a0(9), 89% das empresas ouvidas usaram recursos pr\u00f3prios para o setor; 3% disseram que obtiveram financiamento de institui\u00e7\u00f5es financeiras privadas. O levantamento\u00a0tem margem de erro de 5,9% a 7,9% e foi feito no per\u00edodo de\u00a04 de outubro\u00a0de 2021 a\u00a04 de fevereiro\u00a0de 2022.<\/p>\n<p>O principal programa p\u00fablico de apoio \u00e0 \u00e1rea de P&amp;D utilizado pelas empresas foi a Lei do Bem, citada por 41% das\u00a0beneficiadas com financiamento p\u00fablico. Segundo o presidente da CNI, Robson Braga de Andrade, os resultados referentes \u00e0s fontes de financiamento confirmam realidade j\u00e1 observada h\u00e1 anos no Brasil: o pa\u00eds n\u00e3o prioriza a \u00e1rea de ci\u00eancia, tecnologia e inova\u00e7\u00e3o (CT&amp;I) e a inova\u00e7\u00e3o empresarial \u00e9 feita com baixo apoio p\u00fablico.<\/p>\n<p>\u201cEstamos na contram\u00e3o de pa\u00edses desenvolvidos, que reconhecem o papel do Estado no fomento \u00e0 inova\u00e7\u00e3o, ci\u00eancia e tecnologia. Os frutos de um ambiente nacional mais aberto para a inova\u00e7\u00e3o s\u00e3o colhidos pela pr\u00f3pria sociedade, com aumento da qualidade de vida das pessoas, redu\u00e7\u00e3o do custo da tecnologia, cria\u00e7\u00e3o de empregos melhores. Por isso, o Brasil precisa, urgentemente, de uma estrat\u00e9gia de inova\u00e7\u00e3o de longo prazo\u201d, destacou Andrade.<\/p>\n<p>De acordo com a CNI, no levantamento nacional mais atual, o Brasil investiu 1,21% do Produto Interno Bruto (PIB) em P&amp;D em 2019, incluindo recursos p\u00fablicos e privados, contra 1,17% do ano anterior. A t\u00edtulo de compara\u00e7\u00e3o, o investimento chin\u00eas em P&amp;D, em rela\u00e7\u00e3o ao PIB, foi de 2,23% em 2019.<\/p>\n<p>O levantamento revela que a maior parte das empresas consultadas v\u00ea a import\u00e2ncia de investir em P&amp;D e destina recursos para produtos e processos inovadores: 65% delas investiu na \u00e1rea em 2020.\u00a0Em m\u00e9dia, o disp\u00eandio foi de 2% da receita l\u00edquida de vendas,\u00a0e o investimento em P&amp;D ocorreu principalmente em pessoal (56,9%).<\/p>\n<p>A sondagem da CNI mostra ainda que pouco mais da metade das empresas (51,1%) praticam inova\u00e7\u00e3o aberta, ou seja, fazem parcerias com outras empresas, institui\u00e7\u00f5es, universidades ou\u00a0<em>startups<\/em>\u00a0para desenvolver processos de pesquisa e desenvolvimento.<\/p>\n<p>Questionadas sobre as principais raz\u00f5es para n\u00e3o investir em P&amp;D, as entrevistadas que n\u00e3o realizaram atividade na \u00e1rea citaram custos de implementa\u00e7\u00e3o muito elevados (22%) e a exist\u00eancia de outras estrat\u00e9gias relevantes para a competitividade (22%), seguidos por falta de pessoal qualificado na empresa (20%), falta de linhas de financiamento adequadas (20%) e falta de conhecimento sobre parceiros para projetos (19%).<\/p>\n<p>O Minist\u00e9rio de Ci\u00eancia e Tecnologia foi procurado, mas at\u00e9 o fechamento desta mat\u00e9ria n\u00e3o havia se\u00a0manifestado.<\/p>\n<p>Fonte: Ag\u00eancia Brasil<\/p>\n","protected":false},"excerpt":{"rendered":"<p>Levantamento feito pela Confedera\u00e7\u00e3o Nacional da Ind\u00fastria (CNI) com 196 empresas com mais de 50 funcion\u00e1rios mostra que apenas 10% delas utilizaram linhas de financiamento de institui\u00e7\u00f5es financeiras ou organismos p\u00fablicos para obter recursos destinados \u00e0 \u00e1rea de pesquisa e desenvolvimento (P&amp;D) em 2020.\u00a0 De acordo com a pesquisa divulgada\u00a0hoje\u00a0(9), 89% das empresas ouvidas usaram [&hellip;]<\/p>\n","protected":false},"author":246,"featured_media":195880,"comment_status":"closed","ping_status":"closed","sticky":false,"template":"","format":"standard","meta":{"footnotes":""},"categories":[436,261,439],"tags":[],"class_list":["post-195879","post","type-post","status-publish","format-standard","has-post-thumbnail","hentry","category-destaque-da-semana","category-economia","category-ultima-hora"],"_links":{"self":[{"href":"https:\/\/diarioregionaldigital.com.br\/index.php?rest_route=\/wp\/v2\/posts\/195879","targetHints":{"allow":["GET"]}}],"collection":[{"href":"https:\/\/diarioregionaldigital.com.br\/index.php?rest_route=\/wp\/v2\/posts"}],"about":[{"href":"https:\/\/diarioregionaldigital.com.br\/index.php?rest_route=\/wp\/v2\/types\/post"}],"author":[{"embeddable":true,"href":"https:\/\/diarioregionaldigital.com.br\/index.php?rest_route=\/wp\/v2\/users\/246"}],"replies":[{"embeddable":true,"href":"https:\/\/diarioregionaldigital.com.br\/index.php?rest_route=%2Fwp%2Fv2%2Fcomments&post=195879"}],"version-history":[{"count":1,"href":"https:\/\/diarioregionaldigital.com.br\/index.php?rest_route=\/wp\/v2\/posts\/195879\/revisions"}],"predecessor-version":[{"id":195881,"href":"https:\/\/diarioregionaldigital.com.br\/index.php?rest_route=\/wp\/v2\/posts\/195879\/revisions\/195881"}],"wp:featuredmedia":[{"embeddable":true,"href":"https:\/\/diarioregionaldigital.com.br\/index.php?rest_route=\/wp\/v2\/media\/195880"}],"wp:attachment":[{"href":"https:\/\/diarioregionaldigital.com.br\/index.php?rest_route=%2Fwp%2Fv2%2Fmedia&parent=195879"}],"wp:term":[{"taxonomy":"category","embeddable":true,"href":"https:\/\/diarioregionaldigital.com.br\/index.php?rest_route=%2Fwp%2Fv2%2Fcategories&post=195879"},{"taxonomy":"post_tag","embeddable":true,"href":"https:\/\/diarioregionaldigital.com.br\/index.php?rest_route=%2Fwp%2Fv2%2Ftags&post=195879"}],"curies":[{"name":"wp","href":"https:\/\/api.w.org\/{rel}","templated":true}]}}