{"id":195799,"date":"2022-03-07T14:31:06","date_gmt":"2022-03-07T17:31:06","guid":{"rendered":"https:\/\/diarioregionaldigital.com.br\/?p=195799"},"modified":"2022-03-07T14:31:06","modified_gmt":"2022-03-07T17:31:06","slug":"programa-boniteza-realiza-patrolamento-no-bairro-francisco-bernardino-e-em-distritos-da-cidade","status":"publish","type":"post","link":"https:\/\/diarioregionaldigital.com.br\/?p=195799","title":{"rendered":"Programa Boniteza realiza patrolamento no bairro Francisco Bernardino e em distritos da cidade"},"content":{"rendered":"<p>Segundo informa\u00e7\u00f5es do site da Prefeitura de Juiz de Fora, por meio do Gabinete de A\u00e7\u00e3o e Di\u00e1logo Comunit\u00e1rio (GADC) e da Secretaria de Obras (SO) da Prefeitura de Juiz de Fora (PJF), o Programa Boniteza opera em 124 interven\u00e7\u00f5es nesta segunda-feira, 7.<\/p>\n<p>&nbsp;<\/p>\n<p><strong>Obras<\/strong><\/p>\n<p>&nbsp;<\/p>\n<p>Os Departamentos de Opera\u00e7\u00e3o e Manuten\u00e7\u00e3o em Obras (Domo) e de Estradas Vicinais da Secretaria de Obras t\u00eam previstas 22 a\u00e7\u00f5es.<\/p>\n<p>&nbsp;<\/p>\n<p>Interven\u00e7\u00f5es em continuidade:<\/p>\n<p>-Constru\u00e7\u00e3o de rede de drenagem &#8211; Rua Celso Nunes Leal &#8211; Bonfim<\/p>\n<p>-Corre\u00e7\u00e3o de eros\u00e3o &#8211; Margem do C\u00f3rrego Linhares &#8211; Linhares<\/p>\n<p>-Patrolamento com reaproveitamento de material do local &#8211; Rua\u00a0 Vereador Raymundo Hargreaves &#8211; Francisco Bernardino<\/p>\n<p>-Corre\u00e7\u00e3o de eros\u00e3o pluvial &#8211; Rua Goi\u00e1s &#8211; S\u00e3o Benedito<\/p>\n<p>-Patrolamento com reaproveitamento de material do local &#8211; Estrada da Lagoa &#8211; Torre\u00f5es<\/p>\n<p>-Corre\u00e7\u00e3o em pontos cr\u00edticos\u00a0\u00a0 \u00a0\u00a0&#8211; Estrada Pedra da On\u00e7a<\/p>\n<p>Encabe\u00e7amento de bueiro &#8211; Estrada da Invernada &#8211; Torre\u00f5es<\/p>\n<p>-Patrolamento com reaproveitamento de material do local &#8211; Estrada de Toledos &#8211; Toledos<\/p>\n<p>&nbsp;<\/p>\n<p>Novas interven\u00e7\u00f5es:<\/p>\n<p>-Assentamento de meio-fio e reforma de passeio na ponte &#8211; Rua Eunice Weaver &#8211; Carlos Chagas<\/p>\n<p>-Corre\u00e7\u00e3o de canaleta de drenagem &#8211; Rua Silvestre de Ara\u00fajo Porto &#8211; Marumbi<\/p>\n<p>-Reforma de todas as bocas de lobo no trecho da Avenida Brasil\u00a0 (Ponte da Benjamim at\u00e9 o Manoel Hon\u00f3rio) &#8211; Avenida Brasil &#8211; Centro<\/p>\n<p>-Reforma de boca de lobo &#8211; Rua Tenente Luiz Freitas &#8211; Santa Terezinha<\/p>\n<p>-Limpeza das bocas de lobo &#8211; Rua Augusto Vicente Vieira &#8211; Graja\u00fa<\/p>\n<p>-Limpeza das bocas de lobo &#8211; Rua S\u00e3o Pancr\u00e1cio, n\u00ba 640 &#8211; Nossa Senhora Aparecida<\/p>\n<p>-Assentamento de tamp\u00e3o pluvial &#8211; Rua Sebasti\u00e3o dos Reis, n\u00ba 297 &#8211; Nova Benfica<\/p>\n<p>-Corre\u00e7\u00e3o de eros\u00e3o pluvial &#8211; Avenida Rio Branco pr\u00f3ximo \u00e0 Rua Paracatu &#8211; Santa Terezinha<\/p>\n<p>-Patrolamento &#8211; Rua do Desengano &#8211; Caet\u00e9<\/p>\n<p>-Execu\u00e7\u00e3o de dreno &#8211; Estrada do Fund\u00e3o<\/p>\n<p>-Corre\u00e7\u00e3o em pontos cr\u00edticos\u00a0\u00a0 \u00a0\u00a0&#8211; Estrada Pedra da On\u00e7a<\/p>\n<p>-Mobiliza\u00e7\u00e3o de equipamento para corre\u00e7\u00e3o de trincas &#8211; Estrada de Caet\u00e9 Km 1<\/p>\n<p>-Alargamento em pontos cr\u00edticos\u00a0 &#8211; Estrada do Funil\u00a0\u00a0 \u00a0&#8211; Serra da Saudade<\/p>\n<p>-Ro\u00e7ada em trecho de trinca da estrada &#8211; Estrada de Caet\u00e9\u00a0 Km 1\u00a0\u00a0 \u00a0Caet\u00e9<\/p>\n<p>Retirada de barreira e lan\u00e7amento de material em pontos cr\u00edticos &#8211; Estrada Pedra Branca &#8211; N\u00e1utico<\/p>\n<p>&nbsp;<\/p>\n<p><strong>Ilumina\u00e7\u00e3o P\u00fablica<\/strong><\/p>\n<p>&nbsp;<\/p>\n<p>O departamento de Ilumina\u00e7\u00e3o P\u00fablica da PJF d\u00e1 continuidade \u00e0s a\u00e7\u00f5es com a previs\u00e3o de trocas de 102 l\u00e2mpadas em todas as regi\u00f5es.<\/p>\n<p>&nbsp;<\/p>\n<p><strong>-Novo Triunfo<\/strong><\/p>\n<p>Rua Zilda Augusta Pereira Sobrinho<\/p>\n<p>&nbsp;<\/p>\n<p><strong>-Cachoeira<\/strong><\/p>\n<p>Rua Jos\u00e9 dos Anjos<\/p>\n<p>Rua Maria Luiza Souza<\/p>\n<p>&nbsp;<\/p>\n<p><strong>-S\u00e3o Francisco de Paula<\/strong><\/p>\n<p>Rua \u00c1lvaro Cruz<\/p>\n<p>&nbsp;<\/p>\n<p><strong>-Santa Cruz<\/strong><\/p>\n<p>Avenida Doutor Sime\u00e3o de Faria<\/p>\n<p>Rua Nilo Pe\u00e7anha<\/p>\n<p>Rua Eurico Castro Monteiro<\/p>\n<p>Rua Justino Gomes Monteiro<\/p>\n<p>Rua Dejanira<\/p>\n<p>Travessa Jos\u00e9 Maria dos Reis<\/p>\n<p>Rua Maria Joaquina da Mota<\/p>\n<p>Rua Maria Lanziotti Barra<\/p>\n<p>Rua Artidorio Nicolato<\/p>\n<p>Rua J\u00falia Dias<\/p>\n<p>Rua Maria C\u00e2ndida de Jesus<\/p>\n<p>Rua Doutor Michel Bechara<\/p>\n<p>Rua Louren\u00e7o Jos\u00e9 Brion<\/p>\n<p>Rua Jo\u00e3o Pereira da Silva<\/p>\n<p>Rua Doutor Ant\u00f4nio Mour\u00e3o Guimar\u00e3es<\/p>\n<p>Rua Maria Lanziotti Barra<\/p>\n<p>Rua Artidoro Nicolato<\/p>\n<p>Rua Maria Lanziotti Barra<\/p>\n<p>&nbsp;<\/p>\n<p><strong>-Igrejinha<\/strong><\/p>\n<p>Rua Paranapanema<\/p>\n<p>Rua Arno Krambeck Duque<\/p>\n<p>Rua Eduardo Fortini Toscano<\/p>\n<p>&nbsp;<\/p>\n<p><strong>-J\u00f3quei Clube I<\/strong><\/p>\n<p>Rua Constan\u00e7a Vidal<\/p>\n<p>&nbsp;<\/p>\n<p><strong>-S\u00e3o Dami\u00e3o<\/strong><\/p>\n<p>Rua Miguel Bechara<\/p>\n<p>&nbsp;<\/p>\n<p><strong>-Industrial<\/strong><\/p>\n<p>Rua Arthur Vieira<\/p>\n<p>Rua Jos\u00e9 de Ara\u00fajo Braga<\/p>\n<p>Rua Augusto Mariani<\/p>\n<p>Rua Bruno Simili<\/p>\n<p>Rua Euch\u00e9rio Rodrigues<\/p>\n<p>&nbsp;<\/p>\n<p><strong>-Barreira do Triunfo<\/strong><\/p>\n<p>Rua Berenice Campos Souza<\/p>\n<p>Rua Pedro Paulo Pereira<\/p>\n<p>Rua Joaquim Mariano da Silva<\/p>\n<p>Estrada Elias Jos\u00e9 Mockdeci<\/p>\n<p>&nbsp;<\/p>\n<p><strong>-Vila Esperan\u00e7a II\u00a0<\/strong><\/p>\n<p>Rua Nestor Campos<\/p>\n<p>&nbsp;<\/p>\n<p><strong>-Borboleta<\/strong><\/p>\n<p>Rua Engenheiro Edmundo Schmidt<\/p>\n<p>Rua Paulo Maria Delage<\/p>\n<p>&nbsp;<\/p>\n<p><strong>-Itatiaia<\/strong><\/p>\n<p>Rua Vicente Jos\u00e9 Weiss<\/p>\n<p>Rua Cristovam Quirino Bergo<\/p>\n<p>&nbsp;<\/p>\n<p><strong>-S\u00e3o Pedro<\/strong><\/p>\n<p>Rua Roberto Stiegert<\/p>\n<p>Rua Izabel Correia de Souza<\/p>\n<p>&nbsp;<\/p>\n<p><strong>-Novo Horizonte<\/strong><\/p>\n<p>Rua dos Pinheirais<\/p>\n<p>Rua das Pet\u00fanias<\/p>\n<p>&nbsp;<\/p>\n<p><strong>-Rosario de Minas<\/strong><\/p>\n<p>Rua Elizeu Guedes<\/p>\n<p>Rua Principal<\/p>\n<p>Estrada JF-190<\/p>\n<p>Rua Guarani<\/p>\n<p>&nbsp;<\/p>\n<p><strong>-Valadares<\/strong><\/p>\n<p>Rua da Esta\u00e7\u00e3o<\/p>\n<p>&nbsp;<\/p>\n<p><strong>-Vila Ideal<\/strong><\/p>\n<p>Rua Padre Jos\u00e9 Irany de Oliveira<\/p>\n<p>Rua Alexandre Joaquim de Siqueira<\/p>\n<p>Rua Altivo Halfeld<\/p>\n<p>&nbsp;<\/p>\n<p><strong>-Santo Ant\u00f4nio<\/strong><\/p>\n<p>Rua Jo\u00e3o de Deus Pereira<\/p>\n<p>Rua Uni\u00e3o<\/p>\n<p>Rua Triunfo<\/p>\n<p>Rua dos Vencedores<\/p>\n<p>&nbsp;<\/p>\n<p><strong>-Niter\u00f3i<\/strong><\/p>\n<p>Rua C<\/p>\n<p>Rua A<\/p>\n<p>&nbsp;<\/p>\n<p><strong>-Parque das Palmeiras<\/strong><\/p>\n<p>Rua Professora Geralda Armond<\/p>\n<p>&nbsp;<\/p>\n<p><strong>-Nossa Senhora de Lourdes<\/strong><\/p>\n<p>Rua Hor\u00e1cio de Mello Brand\u00e3o<\/p>\n<p>&nbsp;<\/p>\n<p><strong>-Aracy<\/strong><\/p>\n<p>Rua B\u00e1rbara Campagnacci Borboni<\/p>\n<p>&nbsp;<\/p>\n<p><strong>-Costa Carvalho<\/strong><\/p>\n<p>Rua Santa Clara<\/p>\n<p>&nbsp;<\/p>\n<p>&#8211;<strong>Vila Olavo Costa<\/strong><\/p>\n<p>Travessa Carneiro da Silva<\/p>\n<p>Rua da F\u00e9<\/p>\n<p>Rua Joaquim Tib\u00farcio Alves<\/p>\n<p>&nbsp;<\/p>\n<p>&#8211;<strong>Terras Altas<\/strong><\/p>\n<p>Avenida Fernando Senra<\/p>\n<p>&nbsp;<\/p>\n<p><strong>Gabinete de A\u00e7\u00e3o e Di\u00e1logo Comunit\u00e1rio<\/strong><\/p>\n<p>&nbsp;<\/p>\n<p>As a\u00e7\u00f5es da Secretaria de Obras s\u00e3o realizadas atrav\u00e9s do Gabinete de A\u00e7\u00e3o e Di\u00e1logo Comunit\u00e1rio, que recebe demandas de melhorias urbanas pelo n\u00famero (32) 3690-7241, por liga\u00e7\u00e3o ou WhatsApp.<\/p>\n<p>&nbsp;<\/p>\n<p>No\u00a0<a href=\"https:\/\/www.pjf.mg.gov.br\/gabinetecomunitario\/\"><strong>site do gabinete<\/strong><\/a>, est\u00e3o dispon\u00edveis informa\u00e7\u00f5es atualizadas\u00a0 diariamente sobre os servi\u00e7os realizados pelas secretarias de Obras (SO); de Sustentabilidade em Meio Ambiente e Atividades Urbanas (Sesmaur); de Mobilidade Urbana (SMU); e pela\u00a0 Empresa Municipal de Pavimenta\u00e7\u00e3o e Urbaniza\u00e7\u00e3o (Empav); Departamento Municipal de Limpeza Urbana (Demlurb); e Companhia de Saneamento Municipal (Cesama).<\/p>\n","protected":false},"excerpt":{"rendered":"<p>Segundo informa\u00e7\u00f5es do site da Prefeitura de Juiz de Fora, por meio do Gabinete de A\u00e7\u00e3o e Di\u00e1logo Comunit\u00e1rio (GADC) e da Secretaria de Obras (SO) da Prefeitura de Juiz de Fora (PJF), o Programa Boniteza opera em 124 interven\u00e7\u00f5es nesta segunda-feira, 7. &nbsp; Obras &nbsp; Os Departamentos de Opera\u00e7\u00e3o e Manuten\u00e7\u00e3o em Obras (Domo) [&hellip;]<\/p>\n","protected":false},"author":246,"featured_media":195800,"comment_status":"closed","ping_status":"closed","sticky":false,"template":"","format":"standard","meta":{"footnotes":""},"categories":[253,436,439],"tags":[],"class_list":["post-195799","post","type-post","status-publish","format-standard","has-post-thumbnail","hentry","category-cidade","category-destaque-da-semana","category-ultima-hora"],"_links":{"self":[{"href":"https:\/\/diarioregionaldigital.com.br\/index.php?rest_route=\/wp\/v2\/posts\/195799","targetHints":{"allow":["GET"]}}],"collection":[{"href":"https:\/\/diarioregionaldigital.com.br\/index.php?rest_route=\/wp\/v2\/posts"}],"about":[{"href":"https:\/\/diarioregionaldigital.com.br\/index.php?rest_route=\/wp\/v2\/types\/post"}],"author":[{"embeddable":true,"href":"https:\/\/diarioregionaldigital.com.br\/index.php?rest_route=\/wp\/v2\/users\/246"}],"replies":[{"embeddable":true,"href":"https:\/\/diarioregionaldigital.com.br\/index.php?rest_route=%2Fwp%2Fv2%2Fcomments&post=195799"}],"version-history":[{"count":1,"href":"https:\/\/diarioregionaldigital.com.br\/index.php?rest_route=\/wp\/v2\/posts\/195799\/revisions"}],"predecessor-version":[{"id":195801,"href":"https:\/\/diarioregionaldigital.com.br\/index.php?rest_route=\/wp\/v2\/posts\/195799\/revisions\/195801"}],"wp:featuredmedia":[{"embeddable":true,"href":"https:\/\/diarioregionaldigital.com.br\/index.php?rest_route=\/wp\/v2\/media\/195800"}],"wp:attachment":[{"href":"https:\/\/diarioregionaldigital.com.br\/index.php?rest_route=%2Fwp%2Fv2%2Fmedia&parent=195799"}],"wp:term":[{"taxonomy":"category","embeddable":true,"href":"https:\/\/diarioregionaldigital.com.br\/index.php?rest_route=%2Fwp%2Fv2%2Fcategories&post=195799"},{"taxonomy":"post_tag","embeddable":true,"href":"https:\/\/diarioregionaldigital.com.br\/index.php?rest_route=%2Fwp%2Fv2%2Ftags&post=195799"}],"curies":[{"name":"wp","href":"https:\/\/api.w.org\/{rel}","templated":true}]}}