{"id":195796,"date":"2022-03-07T14:29:38","date_gmt":"2022-03-07T17:29:38","guid":{"rendered":"https:\/\/diarioregionaldigital.com.br\/?p=195796"},"modified":"2022-03-07T14:29:38","modified_gmt":"2022-03-07T17:29:38","slug":"projeto-caminhada-no-parque-esta-com-inscricoes-abertas-no-parque-municipal","status":"publish","type":"post","link":"https:\/\/diarioregionaldigital.com.br\/?p=195796","title":{"rendered":"Projeto \u201cCaminhada no Parque\u201d est\u00e1 com inscri\u00e7\u00f5es abertas no Parque Municipal"},"content":{"rendered":"<p>Segundo informa\u00e7\u00f5es do site da Prefeitura de Juiz de Fora, o Parque Municipal de Juiz de Fora est\u00e1 com inscri\u00e7\u00f5es abertas para o projeto \u201cCaminhada no Parque\u201d, promovendo o esporte e lazer para a cidade. Com tr\u00eas profissionais de educa\u00e7\u00e3o f\u00edsica e outros tr\u00eas de turismo, o objetivo \u00e9 trazer a popula\u00e7\u00e3o para aproveitar toda estrutura que o parque oferece com quadras, piscinas, campos de futebol, \u00e1rea verde, pista de caminhada e trilhas.<\/p>\n<p><strong>Caminhada no Parque &#8211; A partir de 14 anos<\/strong><br \/>\n\u00c0s ter\u00e7as e quintas-feiras<br \/>\nTurma 1 -Das 8h \u00e0s 9h<br \/>\nTurma 2 &#8211; Das 9h \u00e0s 10h<\/p>\n<p>A Caminhada no Parque \u00e9 um projeto que estimula e incentiva a popula\u00e7\u00e3o \u00e0 pr\u00e1tica do esporte, orientada por um profissional de educa\u00e7\u00e3o f\u00edsica, trazendo benef\u00edcios e mudan\u00e7as de h\u00e1bitos para melhoria da qualidade de vida.<\/p>\n<p>Em breve, novos projetos ser\u00e3o lan\u00e7ados pelo portal da Prefeitura de Juiz de Fora e Instagram do parque @parquemunicipaljf. Todos os projetos oferecidos a popula\u00e7\u00e3o s\u00e3o totalmente gratuitos e tem vagas limitadas. As inscri\u00e7\u00f5es acontecem de forma presencial na recep\u00e7\u00e3o do Parque Municipal, localizado na Rua do Contorno, 8, Nova Calif\u00f3rnia.<\/p>\n","protected":false},"excerpt":{"rendered":"<p>Segundo informa\u00e7\u00f5es do site da Prefeitura de Juiz de Fora, o Parque Municipal de Juiz de Fora est\u00e1 com inscri\u00e7\u00f5es abertas para o projeto \u201cCaminhada no Parque\u201d, promovendo o esporte e lazer para a cidade. Com tr\u00eas profissionais de educa\u00e7\u00e3o f\u00edsica e outros tr\u00eas de turismo, o objetivo \u00e9 trazer a popula\u00e7\u00e3o para aproveitar toda [&hellip;]<\/p>\n","protected":false},"author":246,"featured_media":195797,"comment_status":"closed","ping_status":"closed","sticky":false,"template":"","format":"standard","meta":{"footnotes":""},"categories":[253,436,439],"tags":[],"class_list":["post-195796","post","type-post","status-publish","format-standard","has-post-thumbnail","hentry","category-cidade","category-destaque-da-semana","category-ultima-hora"],"_links":{"self":[{"href":"https:\/\/diarioregionaldigital.com.br\/index.php?rest_route=\/wp\/v2\/posts\/195796","targetHints":{"allow":["GET"]}}],"collection":[{"href":"https:\/\/diarioregionaldigital.com.br\/index.php?rest_route=\/wp\/v2\/posts"}],"about":[{"href":"https:\/\/diarioregionaldigital.com.br\/index.php?rest_route=\/wp\/v2\/types\/post"}],"author":[{"embeddable":true,"href":"https:\/\/diarioregionaldigital.com.br\/index.php?rest_route=\/wp\/v2\/users\/246"}],"replies":[{"embeddable":true,"href":"https:\/\/diarioregionaldigital.com.br\/index.php?rest_route=%2Fwp%2Fv2%2Fcomments&post=195796"}],"version-history":[{"count":1,"href":"https:\/\/diarioregionaldigital.com.br\/index.php?rest_route=\/wp\/v2\/posts\/195796\/revisions"}],"predecessor-version":[{"id":195798,"href":"https:\/\/diarioregionaldigital.com.br\/index.php?rest_route=\/wp\/v2\/posts\/195796\/revisions\/195798"}],"wp:featuredmedia":[{"embeddable":true,"href":"https:\/\/diarioregionaldigital.com.br\/index.php?rest_route=\/wp\/v2\/media\/195797"}],"wp:attachment":[{"href":"https:\/\/diarioregionaldigital.com.br\/index.php?rest_route=%2Fwp%2Fv2%2Fmedia&parent=195796"}],"wp:term":[{"taxonomy":"category","embeddable":true,"href":"https:\/\/diarioregionaldigital.com.br\/index.php?rest_route=%2Fwp%2Fv2%2Fcategories&post=195796"},{"taxonomy":"post_tag","embeddable":true,"href":"https:\/\/diarioregionaldigital.com.br\/index.php?rest_route=%2Fwp%2Fv2%2Ftags&post=195796"}],"curies":[{"name":"wp","href":"https:\/\/api.w.org\/{rel}","templated":true}]}}