{"id":195778,"date":"2022-03-07T14:17:05","date_gmt":"2022-03-07T17:17:05","guid":{"rendered":"https:\/\/diarioregionaldigital.com.br\/?p=195778"},"modified":"2022-03-07T14:17:05","modified_gmt":"2022-03-07T17:17:05","slug":"municipios-tem-ate-31-3-para-enviar-dados-de-residuos-solidos-do-icms-ecologico","status":"publish","type":"post","link":"https:\/\/diarioregionaldigital.com.br\/?p=195778","title":{"rendered":"Munic\u00edpios t\u00eam at\u00e9 31\/3 para enviar dados de res\u00edduos s\u00f3lidos do ICMS Ecol\u00f3gico"},"content":{"rendered":"<p>Os munic\u00edpios mineiros que possuem empreendimentos de tratamento e\/ou disposi\u00e7\u00e3o de res\u00edduos s\u00f3lidos urbanos (RSU) cadastrados junto \u00e0\u00a0<a href=\"http:\/\/www.meioambiente.mg.gov.br\/\" target=\"_blank\" rel=\"noopener\">Secretaria de Estado de Meio Ambiente e Desenvolvimento Sustent\u00e1vel de Minas Gerais (Semad)<\/a>\u00a0dever\u00e3o atualizar, at\u00e9 31\/3, as informa\u00e7\u00f5es referentes ao Fator de Qualidade no Subcrit\u00e9rio Saneamento Ambiental (ISA) do Imposto sobre Circula\u00e7\u00e3o de Mercadorias e Servi\u00e7os (ICMS Ecol\u00f3gico).<\/p>\n<p>A atualiza\u00e7\u00e3o deve ocorrer, especificamente, em rela\u00e7\u00e3o \u00e0 exist\u00eancia de programas de coleta seletiva e no reconhecimento de servi\u00e7os prestados por associa\u00e7\u00f5es ou cooperativas de catadores de materiais recicl\u00e1veis. O ICMS Ecol\u00f3gico \u00e9 o crit\u00e9rio ambiental da Lei Estadual n\u00ba 18.030, que trata da distribui\u00e7\u00e3o da parcela da receita do produto da arrecada\u00e7\u00e3o do ICMS pertencente aos munic\u00edpios.<\/p>\n<p>No caso da apura\u00e7\u00e3o do Fator Qualidade, os munic\u00edpios devem levar em considera\u00e7\u00e3o os crit\u00e9rios e procedimentos estabelecidos na\u00a0<a href=\"http:\/\/www.siam.mg.gov.br\/sla\/download.pdf?idNorma=16214\" target=\"_blank\" rel=\"noopener\">Resolu\u00e7\u00e3o Semad\u00a0n\u00ba 1.273, de 2011<\/a>, para o c\u00e1lculo do Fator de Qualidade de empreendimentos de tratamento e\/ou disposi\u00e7\u00e3o final de res\u00edduos s\u00f3lidos. A pontua\u00e7\u00e3o obtida ap\u00f3s o c\u00e1lculo vai direcionar a aplica\u00e7\u00e3o e distribui\u00e7\u00e3o da parcela do ICMS Ecol\u00f3gico a partir do subcrit\u00e9rio saneamento ambiental \u00e0s cidades habilitadas.<\/p>\n<p><strong>Documentos<\/strong><\/p>\n<p>Devem enviar a documenta\u00e7\u00e3o \u00e0 Semad apenas os munic\u00edpios que possuem coleta seletiva implantada e que disp\u00f5em de associa\u00e7\u00f5es e cooperativas regularizadas e reconhecidas, e que constem na lista dispon\u00edvel\u00a0<a href=\"http:\/\/www.meioambiente.mg.gov.br\/images\/ICMS_Ecologico_2022\/link1-icmsecologicos.pdf\" target=\"_blank\" rel=\"noopener\">neste link<\/a>.<\/p>\n<p>Munic\u00edpios que n\u00e3o constem na lista ou que n\u00e3o possuam coleta seletiva ou associa\u00e7\u00f5es e cooperativas de catadores est\u00e3o dispensadas de enviar informa\u00e7\u00e3o.<\/p>\n<p>O envio das informa\u00e7\u00f5es dever\u00e1 ser feito por meio do preenchimento do modelo do Anexo II, dispon\u00edvel\u00a0<a href=\"http:\/\/www.meioambiente.mg.gov.br\/images\/ICMS_Ecologico_2022\/link2-icmsecologico.pdf\" target=\"_blank\" rel=\"noopener\">neste link<\/a>.<\/p>\n<p>Os representantes municipais devem fazer o download do arquivo e o preenchimento deve ser feito pelo prefeito da cidade. Deve-se declarar no documento o percentual de material selecionado e comercializado em rela\u00e7\u00e3o ao total de res\u00edduos s\u00f3lidos urbanos gerados no munic\u00edpio, selecionado por cooperativa ou associa\u00e7\u00e3o de catadores, al\u00e9m de comprovante de sua regularidade: CNPJ, Ata de constitui\u00e7\u00e3o de associa\u00e7\u00e3o, entre outros.<\/p>\n<p>As informa\u00e7\u00f5es dever\u00e3o ser enviadas para o e-mail\u00a0\u00a0<a href=\"mailto:rafael.freitas@meioambiente.mg.gov.br\">rafael.freitas@meioambiente.mg.gov.br<\/a>\u00a0com o assunto: \u201cDocumento Fator de Qualidade ICMS ecol\u00f3gico\u201d. D\u00favidas e esclarecimentos podem ser solicitados pelo e-mail\u00a0\u00a0<a href=\"mailto:rafael.freitas@meioambiente.mg.gov.br\">rafael.freitas@meioambiente.mg.gov.br<\/a>\u00a0ou no telefone (31) 3915-1131.<\/p>\n<p>Fonte: Ag\u00eancia Minas<\/p>\n","protected":false},"excerpt":{"rendered":"<p>Os munic\u00edpios mineiros que possuem empreendimentos de tratamento e\/ou disposi\u00e7\u00e3o de res\u00edduos s\u00f3lidos urbanos (RSU) cadastrados junto \u00e0\u00a0Secretaria de Estado de Meio Ambiente e Desenvolvimento Sustent\u00e1vel de Minas Gerais (Semad)\u00a0dever\u00e3o atualizar, at\u00e9 31\/3, as informa\u00e7\u00f5es referentes ao Fator de Qualidade no Subcrit\u00e9rio Saneamento Ambiental (ISA) do Imposto sobre Circula\u00e7\u00e3o de Mercadorias e Servi\u00e7os (ICMS Ecol\u00f3gico). [&hellip;]<\/p>\n","protected":false},"author":246,"featured_media":195779,"comment_status":"closed","ping_status":"closed","sticky":false,"template":"","format":"standard","meta":{"footnotes":""},"categories":[436,254,439],"tags":[],"class_list":["post-195778","post","type-post","status-publish","format-standard","has-post-thumbnail","hentry","category-destaque-da-semana","category-politica","category-ultima-hora"],"_links":{"self":[{"href":"https:\/\/diarioregionaldigital.com.br\/index.php?rest_route=\/wp\/v2\/posts\/195778","targetHints":{"allow":["GET"]}}],"collection":[{"href":"https:\/\/diarioregionaldigital.com.br\/index.php?rest_route=\/wp\/v2\/posts"}],"about":[{"href":"https:\/\/diarioregionaldigital.com.br\/index.php?rest_route=\/wp\/v2\/types\/post"}],"author":[{"embeddable":true,"href":"https:\/\/diarioregionaldigital.com.br\/index.php?rest_route=\/wp\/v2\/users\/246"}],"replies":[{"embeddable":true,"href":"https:\/\/diarioregionaldigital.com.br\/index.php?rest_route=%2Fwp%2Fv2%2Fcomments&post=195778"}],"version-history":[{"count":1,"href":"https:\/\/diarioregionaldigital.com.br\/index.php?rest_route=\/wp\/v2\/posts\/195778\/revisions"}],"predecessor-version":[{"id":195780,"href":"https:\/\/diarioregionaldigital.com.br\/index.php?rest_route=\/wp\/v2\/posts\/195778\/revisions\/195780"}],"wp:featuredmedia":[{"embeddable":true,"href":"https:\/\/diarioregionaldigital.com.br\/index.php?rest_route=\/wp\/v2\/media\/195779"}],"wp:attachment":[{"href":"https:\/\/diarioregionaldigital.com.br\/index.php?rest_route=%2Fwp%2Fv2%2Fmedia&parent=195778"}],"wp:term":[{"taxonomy":"category","embeddable":true,"href":"https:\/\/diarioregionaldigital.com.br\/index.php?rest_route=%2Fwp%2Fv2%2Fcategories&post=195778"},{"taxonomy":"post_tag","embeddable":true,"href":"https:\/\/diarioregionaldigital.com.br\/index.php?rest_route=%2Fwp%2Fv2%2Ftags&post=195778"}],"curies":[{"name":"wp","href":"https:\/\/api.w.org\/{rel}","templated":true}]}}